{"id":82733,"date":"2025-04-16T10:42:37","date_gmt":"2025-04-16T16:42:37","guid":{"rendered":"https:\/\/bambapolitica.com.mx\/?p=82733"},"modified":"2025-04-16T10:42:42","modified_gmt":"2025-04-16T16:42:42","slug":"explosion-de-bolido-en-la-atmosfera-habria-causado-onda-expansiva-que-afecto-al-menos-a-chicoloapan-neza-ixtapaluca-iztapalapa-amecameca","status":"publish","type":"post","link":"https:\/\/bambapolitica.com.mx\/index.php\/2025\/04\/16\/explosion-de-bolido-en-la-atmosfera-habria-causado-onda-expansiva-que-afecto-al-menos-a-chicoloapan-neza-ixtapaluca-iztapalapa-amecameca\/","title":{"rendered":"Explosi\u00f3n de b\u00f3lido en la atm\u00f3sfera habr\u00eda causado onda expansiva que afect\u00f3 al menos a Chicoloapan, Neza, Ixtapaluca, Iztapalapa, Amecameca"},"content":{"rendered":"\n<p>16\/Abril\/2025<\/p>\n\n\n\n<p>As\u00ed lo report\u00f3 en su cuenta de X Sismo Alerta Mexicana: &#8220;Con base en reportes, y nuestras c\u00e1maras, confirmamos que el sonido de explosi\u00f3n en CDMX fue un b\u00f3lido (posible meteorito o meteoro) que exploto a 20 &#8211; 40 km de altura del suelo, provocando una onda ac\u00fastica e incluso detectada por los sism\u00f3grafos como el nuestro&#8221;.<\/p>\n","protected":false},"excerpt":{"rendered":"<p>16\/Abril\/2025 As\u00ed lo report\u00f3 en su cuenta de X Sismo Alerta Mexicana: &#8220;Con base en&#8230;<\/p>\n","protected":false},"author":3,"featured_media":82734,"comment_status":"closed","ping_status":"closed","sticky":false,"template":"","format":"standard","meta":{"footnotes":""},"categories":[4],"tags":[],"class_list":["post-82733","post","type-post","status-publish","format-standard","has-post-thumbnail","hentry","category-noticias-del-dia"],"_links":{"self":[{"href":"https:\/\/bambapolitica.com.mx\/index.php\/wp-json\/wp\/v2\/posts\/82733","targetHints":{"allow":["GET"]}}],"collection":[{"href":"https:\/\/bambapolitica.com.mx\/index.php\/wp-json\/wp\/v2\/posts"}],"about":[{"href":"https:\/\/bambapolitica.com.mx\/index.php\/wp-json\/wp\/v2\/types\/post"}],"author":[{"embeddable":true,"href":"https:\/\/bambapolitica.com.mx\/index.php\/wp-json\/wp\/v2\/users\/3"}],"replies":[{"embeddable":true,"href":"https:\/\/bambapolitica.com.mx\/index.php\/wp-json\/wp\/v2\/comments?post=82733"}],"version-history":[{"count":1,"href":"https:\/\/bambapolitica.com.mx\/index.php\/wp-json\/wp\/v2\/posts\/82733\/revisions"}],"predecessor-version":[{"id":82735,"href":"https:\/\/bambapolitica.com.mx\/index.php\/wp-json\/wp\/v2\/posts\/82733\/revisions\/82735"}],"wp:featuredmedia":[{"embeddable":true,"href":"https:\/\/bambapolitica.com.mx\/index.php\/wp-json\/wp\/v2\/media\/82734"}],"wp:attachment":[{"href":"https:\/\/bambapolitica.com.mx\/index.php\/wp-json\/wp\/v2\/media?parent=82733"}],"wp:term":[{"taxonomy":"category","embeddable":true,"href":"https:\/\/bambapolitica.com.mx\/index.php\/wp-json\/wp\/v2\/categories?post=82733"},{"taxonomy":"post_tag","embeddable":true,"href":"https:\/\/bambapolitica.com.mx\/index.php\/wp-json\/wp\/v2\/tags?post=82733"}],"curies":[{"name":"wp","href":"https:\/\/api.w.org\/{rel}","templated":true}]}}