{"id":82746,"date":"2025-04-21T08:41:53","date_gmt":"2025-04-21T14:41:53","guid":{"rendered":"https:\/\/bambapolitica.com.mx\/?p=82746"},"modified":"2025-04-21T09:05:23","modified_gmt":"2025-04-21T15:05:23","slug":"artista-urbano-de-ecatepec-regala-vida-al-donar-sus-organos","status":"publish","type":"post","link":"https:\/\/bambapolitica.com.mx\/index.php\/2025\/04\/21\/artista-urbano-de-ecatepec-regala-vida-al-donar-sus-organos\/","title":{"rendered":"ARTISTA URBANO DE ECATEPEC REGALA VIDA AL DONAR SUS ORGANOS."},"content":{"rendered":"\n<p>Un joven artista urbano de Ecatepec, de 26 a\u00f1os de edad, al decretar los m\u00e9dicos su muerte cerebral,\u00a0\u00a0tras haber sido v\u00edctima de un asalto, regal\u00f3\u00a0\u00a0vida a pacientes en espera de un trasplante.<\/p>\n\n\n\n<p>En vida, este&nbsp;&nbsp;joven&nbsp;&nbsp;hab\u00eda tomado la decisi\u00f3n de donar sus \u00f3rganos cuando falleciera, as\u00ed se lo hab\u00eda hecho saber a su familia, por lo que hoy, varios pacientes en espera de un trasplante de \u00f3rgano tendr\u00e1n una esperanza que les permitir\u00e1 de nueva cuenta reiniciar su vida.<\/p>\n\n\n\n<p>El procedimiento se realiz\u00f3 en el Hospital General Regional No. 196,&nbsp;&nbsp;del Instituto Mexicano del Seguro Social&nbsp;&nbsp;Estado de M\u00e9xico Oriente, donde un grupo de especialistas m\u00e9dicos realiz\u00f3 la intervenci\u00f3n de procuraci\u00f3n que dur\u00f3 m\u00e1s de seis horas.<\/p>\n\n\n\n<p>El donante, un joven din\u00e1mico, creativo y apasionado de la gr\u00e1fica urbana, present\u00f3 un traumatismo cr\u00e1neo encef\u00e1lico que provoc\u00f3 edema cerebral persistente, que lo llev\u00f3 a muerte encef\u00e1lica a causa de una agresi\u00f3n que sufri\u00f3 en un asalto.<\/p>\n\n\n\n<p>Su se\u00f1ora madre, al tener conocimiento de su determinaci\u00f3n de donar \u00f3rganos cuando \u00e9l muriera, cumpli\u00f3 con la decisi\u00f3n de su hijo, *\u201cme dijo que, si llegaba a morir, donara todo lo que pudiera dar vida a otras personas\u201d.*<\/p>\n\n\n\n<p>El m\u00e9dico Ismael Quezada, de la Coordinaci\u00f3n Hospitalaria de Donaci\u00f3n de \u00d3rganos y Tejidos con fines de Trasplante, inform\u00f3 que se realiz\u00f3 la entrevista con los familiares, cediendo a la donaci\u00f3n de *h\u00edgado* procurado a la Unidad M\u00e9dica de Alta Especialidad (UMAE) No. 25, en Monterrey; ambos *ri\u00f1ones*, al Centro M\u00e9dico Nacional \u201cLa Raza\u201d; las *c\u00f3rneas*, al Banco de C\u00f3rneas del mismo hospital; y el *tejido musculoesquel\u00e9tico*, al Banco de Tejidos en el Estado de M\u00e9xico.<\/p>\n\n\n\n<p>El joven fue despedido con una ovaci\u00f3n y vivas en el recorrido por la valla de honor, donde se le rindi\u00f3 honores de respeto por parte de personal m\u00e9dico, enfermer\u00eda, amigos y familiares.&nbsp;&nbsp;<\/p>\n\n\n\n<p>Importante mencionar que para ser donador voluntario de \u00f3rganos y tejidos, cualquier persona puede consultar la p\u00e1gina de internet del Centro Nacional de Trasplantes: https:\/\/www.gob.mx\/cenatra o visitarla p\u00e1gina del IMSS en la liga: http:\/\/www.imss.gob.mx\/salud-en-linea\/donacion-organos, a fin de registrar los datos para acreditarse como donador.<\/p>\n\n\n\n<figure class=\"wp-block-gallery has-nested-images columns-default is-cropped wp-block-gallery-1 is-layout-flex wp-block-gallery-is-layout-flex\">\n<figure class=\"wp-block-image size-large\"><img loading=\"lazy\" decoding=\"async\" width=\"814\" height=\"341\" data-id=\"82747\" src=\"https:\/\/bambapolitica.com.mx\/wp-content\/uploads\/2025\/04\/IMG_3044.jpeg\" alt=\"\" class=\"wp-image-82747\" srcset=\"https:\/\/bambapolitica.com.mx\/wp-content\/uploads\/2025\/04\/IMG_3044.jpeg 814w, https:\/\/bambapolitica.com.mx\/wp-content\/uploads\/2025\/04\/IMG_3044-300x126.jpeg 300w, https:\/\/bambapolitica.com.mx\/wp-content\/uploads\/2025\/04\/IMG_3044-768x322.jpeg 768w\" sizes=\"auto, (max-width: 814px) 100vw, 814px\" \/><\/figure>\n<\/figure>\n","protected":false},"excerpt":{"rendered":"<p>Un joven artista urbano de Ecatepec, de 26 a\u00f1os de edad, al decretar los m\u00e9dicos&#8230;<\/p>\n","protected":false},"author":3,"featured_media":82755,"comment_status":"closed","ping_status":"closed","sticky":false,"template":"","format":"standard","meta":{"footnotes":""},"categories":[4],"tags":[],"class_list":["post-82746","post","type-post","status-publish","format-standard","has-post-thumbnail","hentry","category-noticias-del-dia"],"_links":{"self":[{"href":"https:\/\/bambapolitica.com.mx\/index.php\/wp-json\/wp\/v2\/posts\/82746","targetHints":{"allow":["GET"]}}],"collection":[{"href":"https:\/\/bambapolitica.com.mx\/index.php\/wp-json\/wp\/v2\/posts"}],"about":[{"href":"https:\/\/bambapolitica.com.mx\/index.php\/wp-json\/wp\/v2\/types\/post"}],"author":[{"embeddable":true,"href":"https:\/\/bambapolitica.com.mx\/index.php\/wp-json\/wp\/v2\/users\/3"}],"replies":[{"embeddable":true,"href":"https:\/\/bambapolitica.com.mx\/index.php\/wp-json\/wp\/v2\/comments?post=82746"}],"version-history":[{"count":1,"href":"https:\/\/bambapolitica.com.mx\/index.php\/wp-json\/wp\/v2\/posts\/82746\/revisions"}],"predecessor-version":[{"id":82748,"href":"https:\/\/bambapolitica.com.mx\/index.php\/wp-json\/wp\/v2\/posts\/82746\/revisions\/82748"}],"wp:featuredmedia":[{"embeddable":true,"href":"https:\/\/bambapolitica.com.mx\/index.php\/wp-json\/wp\/v2\/media\/82755"}],"wp:attachment":[{"href":"https:\/\/bambapolitica.com.mx\/index.php\/wp-json\/wp\/v2\/media?parent=82746"}],"wp:term":[{"taxonomy":"category","embeddable":true,"href":"https:\/\/bambapolitica.com.mx\/index.php\/wp-json\/wp\/v2\/categories?post=82746"},{"taxonomy":"post_tag","embeddable":true,"href":"https:\/\/bambapolitica.com.mx\/index.php\/wp-json\/wp\/v2\/tags?post=82746"}],"curies":[{"name":"wp","href":"https:\/\/api.w.org\/{rel}","templated":true}]}}