{"id":82749,"date":"2025-04-21T08:58:14","date_gmt":"2025-04-21T14:58:14","guid":{"rendered":"https:\/\/bambapolitica.com.mx\/?p=82749"},"modified":"2025-04-21T08:58:30","modified_gmt":"2025-04-21T14:58:30","slug":"murio-el-papa-francisco-lider-maximo-de-la-iglesia-catolica-a-los-88-anos","status":"publish","type":"post","link":"https:\/\/bambapolitica.com.mx\/index.php\/2025\/04\/21\/murio-el-papa-francisco-lider-maximo-de-la-iglesia-catolica-a-los-88-anos\/","title":{"rendered":"Muri\u00f3 el papa Francisco, l\u00edder m\u00e1ximo de la Iglesia cat\u00f3lica, a los 88 a\u00f1os"},"content":{"rendered":"\n<p>La muerte del papa Francisco fue anunciada hoy por la Santa Sede; tras ello, El Vaticano deber\u00e1 anunciar el C\u00f3nclave para designar al pr\u00f3ximo sumo pont\u00edfice.<\/p>\n\n\n\n<p>Muri\u00f3 a los 88 a\u00f1os el papa Francisco, de nombre secular&nbsp;Jorge Mario Bergoglio, el m\u00e1ximo representante de la Iglesia cat\u00f3lica, dando fin a un papado que&nbsp;inici\u00f3 en 2013 tras la renuncia de Benedicto XVI como l\u00edder religioso.&nbsp;<\/p>\n\n\n\n<p>El argentino muri\u00f3 tras una serie de complicaciones de salud, siendo la m\u00e1s reciente una&nbsp;neumon\u00eda bilateral, la cual se sum\u00f3 a padecimientos&nbsp;previos,&nbsp;entre ellos de cadera, dolores en la rodilla, operaciones e infecciones respiratorias.<\/p>\n\n\n\n<p>Tras su deceso, el Vaticano debe alistar el respectivo C\u00f3nclave para designar al pr\u00f3ximo l\u00edder de la Iglesia cat\u00f3lica, como lo establece el protocolo.<br><\/p>\n\n\n\n<p>El Papa Francisco ha regresado a la Casa del Padre<br>El anuncio de su muerte fue hecho por el cardenal Kevin Joseph Farrell, Camarlengo a las 07:35 (tiempo de Roma), recordando que &#8220;el obispo de Roma, Francisco, regres\u00f3 a la casa del Padre. Dedic\u00f3 toda su vida al servicio del Se\u00f1or y de la Iglesia&#8221;.<\/p>\n\n\n\n<p>La oficina de prensa de la Santa Sede destac\u00f3 que en vida, el Papa fue un fiel servidor de Jesucristo y que sigui\u00f3 su ejemplo ayudando a los menos favorecidos.\u00a0<br><\/p>\n\n\n\n<p>\u00bfDe qu\u00e9 muri\u00f3 el papa Francisco?<\/p>\n\n\n\n<p>A mediados de febrero, se inform\u00f3 sobre la hospitalizaci\u00f3n del pont\u00edfice, quien fue ingresado para recibir tratamiento por una bronquitis que le provocaba dificultades respiratorias.<\/p>\n\n\n\n<p>En un principio, se dio a conocer que su salud no era motivo de alarma; sin embargo, al cabo de unos d\u00edas, el Vaticano se\u00f1al\u00f3 que el papa Francisco presentaba&nbsp;&#8220;un cuadro cl\u00ednico complejo&#8221;, dando a entender que la hospitalizaci\u00f3n se prolongar\u00eda.<\/p>\n\n\n\n<p>&#8220;Todas las pruebas realizadas hasta ahora indican un cuadro cl\u00ednico complejo que requerir\u00e1 una hospitalizaci\u00f3n adecuada&#8221;, indic\u00f3 la Santa Sede en un comunicado.<br>El 18 de febrero quedaron cancelados los compromisos que ten\u00eda el pont\u00edfice para el posterior fin de semana. M\u00e1s tarde, se comunic\u00f3 que el padecimiento del papa Francisco era una neumon\u00eda bilateral.&nbsp;<\/p>\n\n\n\n<p>&#8220;El TAC [tomografia computarizada] tor\u00e1cico al que fue sometido el Santo Padre esta tarde [\u2026] mostr\u00f3 la aparici\u00f3n de una neumon\u00eda bilateral que requiri\u00f3 un tratamiento farmacol\u00f3gico posterior. No obstante, el papa Francisco est\u00e1 de buen humor&#8221;, indic\u00f3 El Vaticano en un bolet\u00edn m\u00e9dico.<br>&#8220;La infecci\u00f3n polimicrobiana, ocurrida en un contexto de bronquiectasia y bronquitis asm\u00e1tica, y que requiri\u00f3 el uso de terapia antibi\u00f3tica con cortisona, hace que el tratamiento terap\u00e9utico sea m\u00e1s complejo&#8221;, precis\u00f3 el comunicado.<br><\/p>\n\n\n\n<p>El Papa Francisco tuvo una administraci\u00f3n de la Iglesia cat\u00f3lica marcada por sus intenciones de acercarse al progresismo,&nbsp;teniendo opiniones a favor del matrimonio homosexual, la introducci\u00f3n de obispas mujeres, el divorcio y el aborto.<br>https:\/\/www.milenio.com\/internacional\/muere-papa-francisco-lider-de-la-iglesia-catolica<\/p>\n\n\n\n<p>Tambi\u00e9n pas\u00f3 casi nueve a\u00f1os compartiendo la Santa Sede del Vaticano con su predecesor, el alem\u00e1n Benedicto XVI, hasta que \u00e9ste muri\u00f3 en diciembre de 2022.<\/p>\n\n\n\n<p>\u00bfC\u00f3mo fue el \u00faltimo d\u00eda con vida del papa Francisco?&nbsp;<br>Durante su \u00faltimo d\u00eda, el m\u00e1ximo representante de la Iglesia cat\u00f3lica tuvo una reuni\u00f3n con JD Vance, vicepresidente de Estados Unidos, a quien recibi\u00f3 el domingo en el Vaticano.<\/p>\n\n\n\n<p>Dicha audiencia no fue p\u00fablica debido a que el Papa se manten\u00eda convaleciente de la neumon\u00eda que lo tuvo grave de salud; pero fue el propio Vaticano quien inform\u00f3 que la reuni\u00f3n fue breve y solo duro &#8220;unos minutos&#8221;, en la que &#8220;intercambiaron sus deseos con motivo del d\u00eda de Pascua&#8221;.<br><\/p>\n\n\n\n<p><\/p>\n","protected":false},"excerpt":{"rendered":"<p>La muerte del papa Francisco fue anunciada hoy por la Santa Sede; tras ello, El&#8230;<\/p>\n","protected":false},"author":3,"featured_media":82750,"comment_status":"closed","ping_status":"closed","sticky":false,"template":"","format":"standard","meta":{"footnotes":""},"categories":[4],"tags":[],"class_list":["post-82749","post","type-post","status-publish","format-standard","has-post-thumbnail","hentry","category-noticias-del-dia"],"_links":{"self":[{"href":"https:\/\/bambapolitica.com.mx\/index.php\/wp-json\/wp\/v2\/posts\/82749","targetHints":{"allow":["GET"]}}],"collection":[{"href":"https:\/\/bambapolitica.com.mx\/index.php\/wp-json\/wp\/v2\/posts"}],"about":[{"href":"https:\/\/bambapolitica.com.mx\/index.php\/wp-json\/wp\/v2\/types\/post"}],"author":[{"embeddable":true,"href":"https:\/\/bambapolitica.com.mx\/index.php\/wp-json\/wp\/v2\/users\/3"}],"replies":[{"embeddable":true,"href":"https:\/\/bambapolitica.com.mx\/index.php\/wp-json\/wp\/v2\/comments?post=82749"}],"version-history":[{"count":1,"href":"https:\/\/bambapolitica.com.mx\/index.php\/wp-json\/wp\/v2\/posts\/82749\/revisions"}],"predecessor-version":[{"id":82751,"href":"https:\/\/bambapolitica.com.mx\/index.php\/wp-json\/wp\/v2\/posts\/82749\/revisions\/82751"}],"wp:featuredmedia":[{"embeddable":true,"href":"https:\/\/bambapolitica.com.mx\/index.php\/wp-json\/wp\/v2\/media\/82750"}],"wp:attachment":[{"href":"https:\/\/bambapolitica.com.mx\/index.php\/wp-json\/wp\/v2\/media?parent=82749"}],"wp:term":[{"taxonomy":"category","embeddable":true,"href":"https:\/\/bambapolitica.com.mx\/index.php\/wp-json\/wp\/v2\/categories?post=82749"},{"taxonomy":"post_tag","embeddable":true,"href":"https:\/\/bambapolitica.com.mx\/index.php\/wp-json\/wp\/v2\/tags?post=82749"}],"curies":[{"name":"wp","href":"https:\/\/api.w.org\/{rel}","templated":true}]}}