{"id":82752,"date":"2025-04-21T09:02:27","date_gmt":"2025-04-21T15:02:27","guid":{"rendered":"https:\/\/bambapolitica.com.mx\/?p=82752"},"modified":"2025-04-21T09:03:00","modified_gmt":"2025-04-21T15:03:00","slug":"desaparece-periodista-miguel-angel-anaya-en-panuco-veracruz","status":"publish","type":"post","link":"https:\/\/bambapolitica.com.mx\/index.php\/2025\/04\/21\/desaparece-periodista-miguel-angel-anaya-en-panuco-veracruz\/","title":{"rendered":"Desaparece periodista Miguel \u00c1ngel Anaya en P\u00e1nuco, Veracruz"},"content":{"rendered":"\n<p>Desde el Sindicato Nacional de Redactores de la Prensa (SNRP) exigimos al Gobierno de Veracruz y a la Fiscal\u00eda estatal lo localicen con vida<\/p>\n\n\n\n<p>P\u00e1nuco, Veracruz, 19 de abril de 2025. \u2013 La organizaci\u00f3n Art\u00edculo 19 report\u00f3 la desaparici\u00f3n del periodista Miguel \u00c1ngel Anaya Castillo, director del medio digital *<strong>P\u00e1nuco Online<\/strong>*, en el municipio de P\u00e1nuco, Veracruz, desde el pasado 13 de abril. Seg\u00fan la ONG, varias fuentes period\u00edsticas confirmaron que el comunicador lleva varios d\u00edas sin ser localizado, aunque se desconocen las circunstancias exactas del hecho. La Comisi\u00f3n Estatal para la Atenci\u00f3n y Protecci\u00f3n de los Periodistas (CEAPP) activ\u00f3 protocolos de b\u00fasqueda en coordinaci\u00f3n con la Fiscal\u00eda General del Estado y la Secretar\u00eda de Seguridad P\u00fablica.<\/p>\n\n\n\n<p>Anaya hab\u00eda denunciado actos de intimidaci\u00f3n desde febrero de 2025, cuando tres sujetos desconocidos llegaron a su domicilio con un supuesto \u201cmensaje\u201d del presidente municipal, \u00d3scar Guzm\u00e1n de Paz, seg\u00fan un video difundido por el periodista. Adem\u00e1s, report\u00f3 hostigamiento tras cubrir una manifestaci\u00f3n contra un relleno sanitario en P\u00e1nuco, que provoc\u00f3 enfermedades entre la poblaci\u00f3n. Art\u00edculo 19 se\u00f1al\u00f3 que la p\u00e1gina de Facebook de *<strong>P\u00e1nuco Online<\/strong>* elimin\u00f3 todo su contenido esta semana, lo que aumenta las sospechas sobre la desaparici\u00f3n.<\/p>\n\n\n\n<p>Desde el Sindicato Nacional de Redactores de la Prensa (SNRP) exigimos al Gobierno de Veracruz y a la Fiscal\u00eda estatal coordinar acciones urgentes con la Secretar\u00eda de Gobernaci\u00f3n y la Comisi\u00f3n Nacional de B\u00fasqueda para localizar al periodista con vida, conforme al Protocolo Homologado de B\u00fasqueda de Personas Desaparecidas.<\/p>\n\n\n\n<p>Asimismo, instamos a la CEAPP a implementar medidas de protecci\u00f3n para los familiares de Anaya y a establecer acciones preventivas para garantizar la seguridad de la prensa en la entidad.<\/p>\n\n\n\n<p>Veracruz se mantiene como uno de los estados m\u00e1s peligrosos para el ejercicio period\u00edstico en M\u00e9xico. Por lo mismo pedimos a la Federaci\u00f3n Internacional de Periodistas (FIP) su apoyo para que nos acompa\u00f1e con un comunicado para que las autoridades de Veracruz y las federales para que ubiquen el paradero de nuestro compa\u00f1ero que ha sido sumamente hostigado en su labor informativa.<\/p>\n\n\n\n<p>Desde el a\u00f1o 2000, diferentes organizaciones de periodistas han documentado 171 asesinatos y 31 desapariciones de periodistas en el pa\u00eds, cinco de ellos en 2025.<\/p>\n","protected":false},"excerpt":{"rendered":"<p>Desde el Sindicato Nacional de Redactores de la Prensa (SNRP) exigimos al Gobierno de Veracruz&#8230;<\/p>\n","protected":false},"author":3,"featured_media":82753,"comment_status":"closed","ping_status":"closed","sticky":false,"template":"","format":"standard","meta":{"footnotes":""},"categories":[4],"tags":[],"class_list":["post-82752","post","type-post","status-publish","format-standard","has-post-thumbnail","hentry","category-noticias-del-dia"],"_links":{"self":[{"href":"https:\/\/bambapolitica.com.mx\/index.php\/wp-json\/wp\/v2\/posts\/82752","targetHints":{"allow":["GET"]}}],"collection":[{"href":"https:\/\/bambapolitica.com.mx\/index.php\/wp-json\/wp\/v2\/posts"}],"about":[{"href":"https:\/\/bambapolitica.com.mx\/index.php\/wp-json\/wp\/v2\/types\/post"}],"author":[{"embeddable":true,"href":"https:\/\/bambapolitica.com.mx\/index.php\/wp-json\/wp\/v2\/users\/3"}],"replies":[{"embeddable":true,"href":"https:\/\/bambapolitica.com.mx\/index.php\/wp-json\/wp\/v2\/comments?post=82752"}],"version-history":[{"count":1,"href":"https:\/\/bambapolitica.com.mx\/index.php\/wp-json\/wp\/v2\/posts\/82752\/revisions"}],"predecessor-version":[{"id":82754,"href":"https:\/\/bambapolitica.com.mx\/index.php\/wp-json\/wp\/v2\/posts\/82752\/revisions\/82754"}],"wp:featuredmedia":[{"embeddable":true,"href":"https:\/\/bambapolitica.com.mx\/index.php\/wp-json\/wp\/v2\/media\/82753"}],"wp:attachment":[{"href":"https:\/\/bambapolitica.com.mx\/index.php\/wp-json\/wp\/v2\/media?parent=82752"}],"wp:term":[{"taxonomy":"category","embeddable":true,"href":"https:\/\/bambapolitica.com.mx\/index.php\/wp-json\/wp\/v2\/categories?post=82752"},{"taxonomy":"post_tag","embeddable":true,"href":"https:\/\/bambapolitica.com.mx\/index.php\/wp-json\/wp\/v2\/tags?post=82752"}],"curies":[{"name":"wp","href":"https:\/\/api.w.org\/{rel}","templated":true}]}}