{"id":82775,"date":"2025-04-23T09:45:28","date_gmt":"2025-04-23T15:45:28","guid":{"rendered":"https:\/\/bambapolitica.com.mx\/?p=82775"},"modified":"2025-04-23T09:45:32","modified_gmt":"2025-04-23T15:45:32","slug":"dos-personas-fallecen-y-5-quedan-lesionados-al-volcarse-auto-en-la-texcoco-capulalpan","status":"publish","type":"post","link":"https:\/\/bambapolitica.com.mx\/index.php\/2025\/04\/23\/dos-personas-fallecen-y-5-quedan-lesionados-al-volcarse-auto-en-la-texcoco-capulalpan\/","title":{"rendered":"DOS PERSONAS FALLECEN Y 5 QUEDAN LESIONADOS AL VOLCARSE AUTO EN LA TEXCOCO \u2013 CAPULALPAN"},"content":{"rendered":"\n<p>&nbsp;Una mujer y un hombre fallecieron al volcarse el veh\u00edculo en el que circulaban a la altura del km 31+300 de la carretera federal Texcoco Calpulalpan, per\u00edmetro del pueblo de Santa In\u00e9s.<\/p>\n\n\n\n<p>De acuerdo a informaci\u00f3n extraoficial, fue un veh\u00edculo que se dirig\u00eda a Capulalpan y de volc\u00f3 a la altura de una gasoliner\u00eda.<\/p>\n\n\n\n<p>Quedaron cinco lesionados, entre ellas dos mujeres, tres menores de edad, uno de ocho meses.<\/p>\n\n\n\n<p>Los heridos fueron trasladados al hospital Guadalupe Victoria en Texcoco.<\/p>\n\n\n\n<p>El accidente ocurri\u00f3 al parecer porque el conductor circulaba a exceso de velocidad y aparentemente ebrio.<\/p>\n","protected":false},"excerpt":{"rendered":"<p>&nbsp;Una mujer y un hombre fallecieron al volcarse el veh\u00edculo en el que circulaban a&#8230;<\/p>\n","protected":false},"author":3,"featured_media":82776,"comment_status":"closed","ping_status":"closed","sticky":false,"template":"","format":"standard","meta":{"footnotes":""},"categories":[4],"tags":[],"class_list":["post-82775","post","type-post","status-publish","format-standard","has-post-thumbnail","hentry","category-noticias-del-dia"],"_links":{"self":[{"href":"https:\/\/bambapolitica.com.mx\/index.php\/wp-json\/wp\/v2\/posts\/82775","targetHints":{"allow":["GET"]}}],"collection":[{"href":"https:\/\/bambapolitica.com.mx\/index.php\/wp-json\/wp\/v2\/posts"}],"about":[{"href":"https:\/\/bambapolitica.com.mx\/index.php\/wp-json\/wp\/v2\/types\/post"}],"author":[{"embeddable":true,"href":"https:\/\/bambapolitica.com.mx\/index.php\/wp-json\/wp\/v2\/users\/3"}],"replies":[{"embeddable":true,"href":"https:\/\/bambapolitica.com.mx\/index.php\/wp-json\/wp\/v2\/comments?post=82775"}],"version-history":[{"count":1,"href":"https:\/\/bambapolitica.com.mx\/index.php\/wp-json\/wp\/v2\/posts\/82775\/revisions"}],"predecessor-version":[{"id":82777,"href":"https:\/\/bambapolitica.com.mx\/index.php\/wp-json\/wp\/v2\/posts\/82775\/revisions\/82777"}],"wp:featuredmedia":[{"embeddable":true,"href":"https:\/\/bambapolitica.com.mx\/index.php\/wp-json\/wp\/v2\/media\/82776"}],"wp:attachment":[{"href":"https:\/\/bambapolitica.com.mx\/index.php\/wp-json\/wp\/v2\/media?parent=82775"}],"wp:term":[{"taxonomy":"category","embeddable":true,"href":"https:\/\/bambapolitica.com.mx\/index.php\/wp-json\/wp\/v2\/categories?post=82775"},{"taxonomy":"post_tag","embeddable":true,"href":"https:\/\/bambapolitica.com.mx\/index.php\/wp-json\/wp\/v2\/tags?post=82775"}],"curies":[{"name":"wp","href":"https:\/\/api.w.org\/{rel}","templated":true}]}}