{"id":82778,"date":"2025-04-23T09:47:10","date_gmt":"2025-04-23T15:47:10","guid":{"rendered":"https:\/\/bambapolitica.com.mx\/?p=82778"},"modified":"2025-04-23T09:47:18","modified_gmt":"2025-04-23T15:47:18","slug":"vecinos-de-la-paz-piden-orden-en-el-comercio-irregular","status":"publish","type":"post","link":"https:\/\/bambapolitica.com.mx\/index.php\/2025\/04\/23\/vecinos-de-la-paz-piden-orden-en-el-comercio-irregular\/","title":{"rendered":"VECINOS DE LA PAZ PIDEN ORDEN EN EL COMERCIO IRREGULAR"},"content":{"rendered":"\n<ul class=\"wp-block-list\">\n<li>Se busca mejor movilidad en el centro del municipio<\/li>\n\n\n\n<li>Denuncia ciudadana poner orden en el comercio informal<\/li>\n<\/ul>\n\n\n\n<p>La Paz, Edomex., 22 de abril de 2025.- Ante el crecimiento del comercio irregular y a petici\u00f3n de los habitantes de la Cabecera Municipal; as\u00ed como del comercio establecido, peatones y usuarios del metro, se lleva a cabo el reordenamiento del comercio informal en el centro local, inform\u00f3 el H. Ayuntamiento de La Paz.<\/p>\n\n\n\n<p>El comercio ha crecido de una forma irregular luego de la pandemia del COVID 19 sobre la calle de Hombres Ilustres y Av. San Francisco, situaci\u00f3n que ha ocasionado problemas de inseguridad al caminar, de tr\u00e1nsito vehicular, basura, insalubridad y otros factores.<\/p>\n\n\n\n<p>Ante esta problem\u00e1tica, vecinos de la zona se han inconformado en distintas ocasiones. Adem\u00e1s, padres de familia de la escuela primaria Profesor Germ\u00e1n Garc\u00eda Salgado han hecho el llamado para ordenar la venta sobre dicha arteria.<\/p>\n\n\n\n<p>La obra de pavimentaci\u00f3n tuvo un costo de al menos 40 millones de pesos, que gestion\u00f3 el H. Ayuntamiento ante el Gobierno del Estado de M\u00e9xico y que a\u00fan no est\u00e1 concluida al 100 por ciento.<\/p>\n\n\n\n<p>A pesar de ser una obra a\u00fan no terminada, la ciudadan\u00eda pide tener una vialidad limpia y despejada de comercios, debido a que esto permite una mejor movilidad en el centro de La Paz.<\/p>\n\n\n\n<p>Para evitar la colocaci\u00f3n del comercio informal, se cuenta con el apoyo de las direcciones de Gobierno, Movilidad, Seguridad Ciudadana, Tesorer\u00eda, Secretar\u00eda para verificaci\u00f3n del orden.<\/p>\n\n\n\n<p>Se han tenido pl\u00e1ticas con los representantes de los comerciantes por lo que estas se mantendr\u00e1n abiertas.<\/p>\n","protected":false},"excerpt":{"rendered":"<p>La Paz, Edomex., 22 de abril de 2025.- Ante el crecimiento del comercio irregular y&#8230;<\/p>\n","protected":false},"author":3,"featured_media":82779,"comment_status":"closed","ping_status":"closed","sticky":false,"template":"","format":"standard","meta":{"footnotes":""},"categories":[4],"tags":[],"class_list":["post-82778","post","type-post","status-publish","format-standard","has-post-thumbnail","hentry","category-noticias-del-dia"],"_links":{"self":[{"href":"https:\/\/bambapolitica.com.mx\/index.php\/wp-json\/wp\/v2\/posts\/82778","targetHints":{"allow":["GET"]}}],"collection":[{"href":"https:\/\/bambapolitica.com.mx\/index.php\/wp-json\/wp\/v2\/posts"}],"about":[{"href":"https:\/\/bambapolitica.com.mx\/index.php\/wp-json\/wp\/v2\/types\/post"}],"author":[{"embeddable":true,"href":"https:\/\/bambapolitica.com.mx\/index.php\/wp-json\/wp\/v2\/users\/3"}],"replies":[{"embeddable":true,"href":"https:\/\/bambapolitica.com.mx\/index.php\/wp-json\/wp\/v2\/comments?post=82778"}],"version-history":[{"count":1,"href":"https:\/\/bambapolitica.com.mx\/index.php\/wp-json\/wp\/v2\/posts\/82778\/revisions"}],"predecessor-version":[{"id":82780,"href":"https:\/\/bambapolitica.com.mx\/index.php\/wp-json\/wp\/v2\/posts\/82778\/revisions\/82780"}],"wp:featuredmedia":[{"embeddable":true,"href":"https:\/\/bambapolitica.com.mx\/index.php\/wp-json\/wp\/v2\/media\/82779"}],"wp:attachment":[{"href":"https:\/\/bambapolitica.com.mx\/index.php\/wp-json\/wp\/v2\/media?parent=82778"}],"wp:term":[{"taxonomy":"category","embeddable":true,"href":"https:\/\/bambapolitica.com.mx\/index.php\/wp-json\/wp\/v2\/categories?post=82778"},{"taxonomy":"post_tag","embeddable":true,"href":"https:\/\/bambapolitica.com.mx\/index.php\/wp-json\/wp\/v2\/tags?post=82778"}],"curies":[{"name":"wp","href":"https:\/\/api.w.org\/{rel}","templated":true}]}}