{"id":82785,"date":"2025-04-23T10:02:46","date_gmt":"2025-04-23T16:02:46","guid":{"rendered":"https:\/\/bambapolitica.com.mx\/?p=82785"},"modified":"2025-04-23T10:02:56","modified_gmt":"2025-04-23T16:02:56","slug":"informa-gobernadora-que-ya-fue-detenido-el-presunto-feminicida-de-marioth-lizbeth","status":"publish","type":"post","link":"https:\/\/bambapolitica.com.mx\/index.php\/2025\/04\/23\/informa-gobernadora-que-ya-fue-detenido-el-presunto-feminicida-de-marioth-lizbeth\/","title":{"rendered":"Informa Gobernadora que ya fue detenido el presunto feminicida de Marioth Lizbeth"},"content":{"rendered":"\n<p>A pesar de que el pasado 7 de abril, la gobernadora Roc\u00edo Nahle se\u00f1al\u00f3 que la principal l\u00ednea de investigaci\u00f3n en el crimen de la joven Marioth Lizbeth, ocurrido en el puerto de Veracruz, era homicidio doloso, este 22 de abril, la mandataria estatal asegur\u00f3 haber recibido informaci\u00f3n actualizada por parte de la Fiscal\u00eda General del Estado, la cual ya identifica el caso como un probable feminicidio y report\u00f3 la detenci\u00f3n del agresor. En ese sentido, la mandataria estatal inform\u00f3 que la Fiscal\u00eda detuvo al presunto feminicida, quien hab\u00eda solicitado un amparo para evitar su detenci\u00f3n, el cual le fue negado gracias a la labor de la Fiscal\u00eda. &#8220;Ya me dieron la tarjeta, el asesino o el presunto asesino est\u00e1 en la c\u00e1rcel, hab\u00eda pedido un amparo, le gan\u00f3 la Fiscal\u00eda el amparo; yo me imagino que esa era la angustia de la familia, entonces me report\u00f3 que la Fiscal\u00eda gan\u00f3 el amparo, que no se lo dieron a \u00e9l, es un proceso que ya tiene tiempo y ya est\u00e1 en la c\u00e1rcel&#8221;, asegur\u00f3 Nahle.<\/p>\n\n\n\n<p> El caso de Marioth Lizbeth, una mujer de 35 a\u00f1os y madre de dos hijos, registrado el 1 de abril de este a\u00f1o, gener\u00f3 una fuerte reacci\u00f3n por parte de organizaciones feministas y colectivos ciudadanos, quienes denunciaron omisiones por parte de las autoridades ministeriales. La v\u00edctima fue localizada sin vida sobre una banqueta de la colonia Hidalgo con heridas provocadas por un arma punzocortante. De acuerdo con testimonios de su familia, la agresi\u00f3n habr\u00eda sido cometida por su expareja, V\u00edctor N, a quien acusaron de ejercer violencia en repetidas ocasiones. Aunque la v\u00edctima hab\u00eda puesto fin a la relaci\u00f3n, continuaba siendo acosada pese a que interpuso una denuncia. Sin embargo, allegados a la mujer acusaron que la Fiscal\u00eda no le dio protecci\u00f3n, pues en al menos dos ocasiones acudi\u00f3 a la Fiscal\u00eda Especializada en Delitos contra las Mujeres, sin que se emitieran medidas precautorias.<\/p>\n","protected":false},"excerpt":{"rendered":"<p>A pesar de que el pasado 7 de abril, la gobernadora Roc\u00edo Nahle se\u00f1al\u00f3 que&#8230;<\/p>\n","protected":false},"author":3,"featured_media":82786,"comment_status":"closed","ping_status":"closed","sticky":false,"template":"","format":"standard","meta":{"footnotes":""},"categories":[4],"tags":[],"class_list":["post-82785","post","type-post","status-publish","format-standard","has-post-thumbnail","hentry","category-noticias-del-dia"],"_links":{"self":[{"href":"https:\/\/bambapolitica.com.mx\/index.php\/wp-json\/wp\/v2\/posts\/82785","targetHints":{"allow":["GET"]}}],"collection":[{"href":"https:\/\/bambapolitica.com.mx\/index.php\/wp-json\/wp\/v2\/posts"}],"about":[{"href":"https:\/\/bambapolitica.com.mx\/index.php\/wp-json\/wp\/v2\/types\/post"}],"author":[{"embeddable":true,"href":"https:\/\/bambapolitica.com.mx\/index.php\/wp-json\/wp\/v2\/users\/3"}],"replies":[{"embeddable":true,"href":"https:\/\/bambapolitica.com.mx\/index.php\/wp-json\/wp\/v2\/comments?post=82785"}],"version-history":[{"count":1,"href":"https:\/\/bambapolitica.com.mx\/index.php\/wp-json\/wp\/v2\/posts\/82785\/revisions"}],"predecessor-version":[{"id":82787,"href":"https:\/\/bambapolitica.com.mx\/index.php\/wp-json\/wp\/v2\/posts\/82785\/revisions\/82787"}],"wp:featuredmedia":[{"embeddable":true,"href":"https:\/\/bambapolitica.com.mx\/index.php\/wp-json\/wp\/v2\/media\/82786"}],"wp:attachment":[{"href":"https:\/\/bambapolitica.com.mx\/index.php\/wp-json\/wp\/v2\/media?parent=82785"}],"wp:term":[{"taxonomy":"category","embeddable":true,"href":"https:\/\/bambapolitica.com.mx\/index.php\/wp-json\/wp\/v2\/categories?post=82785"},{"taxonomy":"post_tag","embeddable":true,"href":"https:\/\/bambapolitica.com.mx\/index.php\/wp-json\/wp\/v2\/tags?post=82785"}],"curies":[{"name":"wp","href":"https:\/\/api.w.org\/{rel}","templated":true}]}}