{"id":82788,"date":"2025-04-23T10:06:31","date_gmt":"2025-04-23T16:06:31","guid":{"rendered":"https:\/\/bambapolitica.com.mx\/?p=82788"},"modified":"2025-04-23T10:06:36","modified_gmt":"2025-04-23T16:06:36","slug":"anuncia-rocio-nahle-que-en-12-meses-se-pagara-la-deuda-de-veracruz-con-el-sat-e-issste","status":"publish","type":"post","link":"https:\/\/bambapolitica.com.mx\/index.php\/2025\/04\/23\/anuncia-rocio-nahle-que-en-12-meses-se-pagara-la-deuda-de-veracruz-con-el-sat-e-issste\/","title":{"rendered":"Anuncia Roc\u00edo Nahle que en 12 meses se pagar\u00e1 la deuda de Veracruz con el SAT e ISSSTE"},"content":{"rendered":"\n<p>Lo que no pudo o no quiso hacer el ex gobernador morenista Cuitl\u00e1huac Garc\u00eda, la gobernadora Roc\u00edo Nahle inform\u00f3 que su administraci\u00f3n inici\u00f3 un proceso de &#8220;deudor cumplido&#8221; para liquidar en 12 meses los adeudos hist\u00f3ricos con el SAT y el ISSSTE, heredados de gobiernos anteriores. &#8220;Nosotros ya instalamos una mesa ante el SAT con la ayuda de nuestra presidenta y nosotros ya empezamos a trav\u00e9s de un procedimiento magn\u00edfico. Es un procedimiento magn\u00edfico que nos dio el SAT, para empezar a pagar lo que es la deuda&#8221;, asegur\u00f3 la mandataria estatal. Nahle Garc\u00eda explic\u00f3 que el primer abono se realiz\u00f3 el 15 de abril con recursos estatales. &#8220;Pagamos el 15 de abril. El recurso, \u00bfde d\u00f3nde viene? Del recurso del Estado, por supuesto&#8221;, asegur\u00f3. <\/p>\n\n\n\n<p>La gobernadora explic\u00f3 que los adeudos tienen origen en pasadas administraciones, principalmente en los sectores de educaci\u00f3n y salud. &#8220;Son adeudos que generan intereses o recargos. Cuitl\u00e1huac (Garc\u00eda) pag\u00f3 todo lo del SAT de su gobierno. Sin embargo, la deuda anterior, pues esa es una deuda que ah\u00ed est\u00e1, creciendo como la nieve&#8221;. Nahle asegur\u00f3 que el SAT ofreci\u00f3 un esquema especial para saldar el pasivo sin comprometer nuevas contrataciones de deuda. &#8220;Yo dije 10 meses y todav\u00eda me dijo el SAT: \u00b4Bueno, pues lo dejamos a 12\u00b4. <\/p>\n\n\n\n<p>Acabamos de hacer el primer pago el 15 de abril&#8221;, afirm\u00f3. Nahle Garc\u00eda rechaz\u00f3 que la estrategia implique recortes o nuevos pr\u00e9stamos, ni una nueva reestructuraci\u00f3n. &#8220;No, ninguna&#8221;, asegur\u00f3 al ser cuestionada sobre posibles afectaciones. &#8220;Lo \u00fanico que les puedo decir es que Veracruz va a ser un ejemplo a nivel nacional porque nosotros s\u00ed nos estamos sentando con el SAT en este mecanismo de deudor cumplido&#8221;, insisti\u00f3. La Gobernadora afirm\u00f3 que, de no aprovechar este esquema, los intereses seguir\u00edan aumentando en su gobierno. &#8220;Si no lo aprovechamos ahora, dije, si no lo aprovecho que est\u00e1 la disposici\u00f3n del SAT, la disposici\u00f3n de la presidenta por ayudar tambi\u00e9n a Veracruz, lo vamos a seguir cargando&#8221;. Por \u00faltimo, agreg\u00f3 que su administraci\u00f3n tambi\u00e9n trabaja en los pagos de la deuda bancaria, aunque aclar\u00f3 que no es parte del esquema con el SAT.<\/p>\n","protected":false},"excerpt":{"rendered":"<p>Lo que no pudo o no quiso hacer el ex gobernador morenista Cuitl\u00e1huac Garc\u00eda, la&#8230;<\/p>\n","protected":false},"author":3,"featured_media":82790,"comment_status":"closed","ping_status":"closed","sticky":false,"template":"","format":"standard","meta":{"footnotes":""},"categories":[4],"tags":[],"class_list":["post-82788","post","type-post","status-publish","format-standard","has-post-thumbnail","hentry","category-noticias-del-dia"],"_links":{"self":[{"href":"https:\/\/bambapolitica.com.mx\/index.php\/wp-json\/wp\/v2\/posts\/82788","targetHints":{"allow":["GET"]}}],"collection":[{"href":"https:\/\/bambapolitica.com.mx\/index.php\/wp-json\/wp\/v2\/posts"}],"about":[{"href":"https:\/\/bambapolitica.com.mx\/index.php\/wp-json\/wp\/v2\/types\/post"}],"author":[{"embeddable":true,"href":"https:\/\/bambapolitica.com.mx\/index.php\/wp-json\/wp\/v2\/users\/3"}],"replies":[{"embeddable":true,"href":"https:\/\/bambapolitica.com.mx\/index.php\/wp-json\/wp\/v2\/comments?post=82788"}],"version-history":[{"count":1,"href":"https:\/\/bambapolitica.com.mx\/index.php\/wp-json\/wp\/v2\/posts\/82788\/revisions"}],"predecessor-version":[{"id":82791,"href":"https:\/\/bambapolitica.com.mx\/index.php\/wp-json\/wp\/v2\/posts\/82788\/revisions\/82791"}],"wp:featuredmedia":[{"embeddable":true,"href":"https:\/\/bambapolitica.com.mx\/index.php\/wp-json\/wp\/v2\/media\/82790"}],"wp:attachment":[{"href":"https:\/\/bambapolitica.com.mx\/index.php\/wp-json\/wp\/v2\/media?parent=82788"}],"wp:term":[{"taxonomy":"category","embeddable":true,"href":"https:\/\/bambapolitica.com.mx\/index.php\/wp-json\/wp\/v2\/categories?post=82788"},{"taxonomy":"post_tag","embeddable":true,"href":"https:\/\/bambapolitica.com.mx\/index.php\/wp-json\/wp\/v2\/tags?post=82788"}],"curies":[{"name":"wp","href":"https:\/\/api.w.org\/{rel}","templated":true}]}}