{"id":82799,"date":"2025-04-24T10:01:54","date_gmt":"2025-04-24T16:01:54","guid":{"rendered":"https:\/\/bambapolitica.com.mx\/?p=82799"},"modified":"2025-04-24T10:02:11","modified_gmt":"2025-04-24T16:02:11","slug":"fracaso-en-seguridad-obliga-a-tercer-cambio-de-director-en-chicoloapan-en-menos-de-cuatro-meses","status":"publish","type":"post","link":"https:\/\/bambapolitica.com.mx\/index.php\/2025\/04\/24\/fracaso-en-seguridad-obliga-a-tercer-cambio-de-director-en-chicoloapan-en-menos-de-cuatro-meses\/","title":{"rendered":"Fracaso en seguridad obliga a tercer cambio de director en Chicoloapan, en menos de cuatro meses"},"content":{"rendered":"\n<p>Ante el rotundo fracaso en materia de seguridad y administraci\u00f3n, el gobierno municipal de Chicoloapan, encabezado por el alcalde morenista Javier Mendoza, realiz\u00f3 nuevos ajustes en su equipo, destacando el nombramiento de un nuevo director de Seguridad P\u00fablica, el tercero en menos de cuatro meses de gesti\u00f3n.<\/p>\n\n\n\n<p>La medida responde a la creciente crisis de violencia en el municipio, donde en los primeros meses de gobierno se registraron asesinatos de cuatro polic\u00edas municipales, adem\u00e1s de un incremento en asaltos, balaceras, despojo de propiedades y homicidios con arma de fuego.<\/p>\n\n\n\n<p>La inseguridad ha generado una ola de cr\u00edticas y descontento social, principalmente contra Javier Mendoza, identificado como parte del Grupo Tenoch. Diversas voces ciudadanas lo han responsabilizado por el descontrol en el municipio, e incluso hay quienes lamentan haberle otorgado el voto.<\/p>\n\n\n\n<p>El primer funcionario designado como director de Seguridad P\u00fablica fue Jorge Inocencio Labastida, excomisario de La Paz durante el trienio de Cristina Gonz\u00e1lez (PRI), cargo en el que tambi\u00e9n tuvo un desempe\u00f1o cuestionado. Su nombramiento gener\u00f3 rechazo desde el inicio.<\/p>\n\n\n\n<p>Tras su destituci\u00f3n, derivada de una Mesa de Construcci\u00f3n para la Paz encabezada por la gobernadora Delfina G\u00f3mez, fue nombrado en su lugar Jorge Mendoza Gil, elemento de la Secretar\u00eda de Seguridad estatal. Sin embargo, poco despu\u00e9s fue exhibido en redes sociales ingiriendo bebidas alcoh\u00f3licas junto a otros mandos, cerca del sitio donde hab\u00edan sido asesinados polic\u00edas municipales d\u00edas antes.<\/p>\n\n\n\n<p>Este esc\u00e1ndalo provoc\u00f3 su salida inmediata. Finalmente, en la 16\u00aa Sesi\u00f3n Ordinaria de Cabildo, se design\u00f3 a Josafat Green Ram\u00edrez como nuevo titular de la Direcci\u00f3n de Seguridad P\u00fablica y Movilidad.<\/p>\n\n\n\n<p>Los movimientos dentro de la administraci\u00f3n no se han limitado al \u00e1rea de seguridad. Tambi\u00e9n se han realizado cambios por falta de resultados en otras direcciones municipales. Entre los m\u00e1s recientes destacan el de Jes\u00fas Hern\u00e1ndez P\u00e9rez, nuevo titular de la Coordinaci\u00f3n de Control Vehicular; Ericka Avil\u00e9s Ulloa, en la Coordinaci\u00f3n de Mejora Regulatoria y Diego Jair S\u00e1nchez Betancourt, en la Coordinaci\u00f3n de Comunicaci\u00f3n Social.<\/p>\n\n\n\n<p>Estos constantes ajustes reflejan el desgaste interno en el equipo de Javier Mendoza y la presi\u00f3n ciudadana ante la ineficacia de su gobierno, que a\u00fan no logra dar respuestas claras ni frenar la violencia que afecta a miles de familias en Chicoloapan.<\/p>\n","protected":false},"excerpt":{"rendered":"<p>Ante el rotundo fracaso en materia de seguridad y administraci\u00f3n, el gobierno municipal de Chicoloapan,&#8230;<\/p>\n","protected":false},"author":3,"featured_media":82800,"comment_status":"closed","ping_status":"closed","sticky":false,"template":"","format":"standard","meta":{"footnotes":""},"categories":[4],"tags":[],"class_list":["post-82799","post","type-post","status-publish","format-standard","has-post-thumbnail","hentry","category-noticias-del-dia"],"_links":{"self":[{"href":"https:\/\/bambapolitica.com.mx\/index.php\/wp-json\/wp\/v2\/posts\/82799","targetHints":{"allow":["GET"]}}],"collection":[{"href":"https:\/\/bambapolitica.com.mx\/index.php\/wp-json\/wp\/v2\/posts"}],"about":[{"href":"https:\/\/bambapolitica.com.mx\/index.php\/wp-json\/wp\/v2\/types\/post"}],"author":[{"embeddable":true,"href":"https:\/\/bambapolitica.com.mx\/index.php\/wp-json\/wp\/v2\/users\/3"}],"replies":[{"embeddable":true,"href":"https:\/\/bambapolitica.com.mx\/index.php\/wp-json\/wp\/v2\/comments?post=82799"}],"version-history":[{"count":1,"href":"https:\/\/bambapolitica.com.mx\/index.php\/wp-json\/wp\/v2\/posts\/82799\/revisions"}],"predecessor-version":[{"id":82801,"href":"https:\/\/bambapolitica.com.mx\/index.php\/wp-json\/wp\/v2\/posts\/82799\/revisions\/82801"}],"wp:featuredmedia":[{"embeddable":true,"href":"https:\/\/bambapolitica.com.mx\/index.php\/wp-json\/wp\/v2\/media\/82800"}],"wp:attachment":[{"href":"https:\/\/bambapolitica.com.mx\/index.php\/wp-json\/wp\/v2\/media?parent=82799"}],"wp:term":[{"taxonomy":"category","embeddable":true,"href":"https:\/\/bambapolitica.com.mx\/index.php\/wp-json\/wp\/v2\/categories?post=82799"},{"taxonomy":"post_tag","embeddable":true,"href":"https:\/\/bambapolitica.com.mx\/index.php\/wp-json\/wp\/v2\/tags?post=82799"}],"curies":[{"name":"wp","href":"https:\/\/api.w.org\/{rel}","templated":true}]}}