{"id":82805,"date":"2025-04-24T10:23:41","date_gmt":"2025-04-24T16:23:41","guid":{"rendered":"https:\/\/bambapolitica.com.mx\/?p=82805"},"modified":"2025-04-24T10:23:46","modified_gmt":"2025-04-24T16:23:46","slug":"carlos-aguiar-el-cardenal-mexicano-que-podria-ser-papa-le-va-al-america","status":"publish","type":"post","link":"https:\/\/bambapolitica.com.mx\/index.php\/2025\/04\/24\/carlos-aguiar-el-cardenal-mexicano-que-podria-ser-papa-le-va-al-america\/","title":{"rendered":"Carlos Aguiar, el cardenal mexicano que podr\u00eda ser Papa, le va al Am\u00e9rica"},"content":{"rendered":"\n<p>Un cardenal mexicano y americanista podr\u00eda ser el pr\u00f3ximo en llegar a la Silla de San Pedro.<\/p>\n\n\n\n<p>El arzobispo mexicano,&nbsp;<strong>Carlos Aguiar<\/strong>, participar\u00e1 en el c\u00f3nclave que escoger\u00e1 al nuevo Pont\u00edfice tras la muerte del&nbsp;<strong><a href=\"https:\/\/www.telediario.mx\/comunidad\/ultima-aparicion-del-papa-francisco-asi-fue-video\" target=\"_blank\" rel=\"noreferrer noopener\">Papa Francisco<\/a><\/strong>&nbsp;el pasado lunes 21 de abril a los 88 a\u00f1os de edad.<\/p>\n\n\n\n<p>El&nbsp;<strong>cardenal de 74 a\u00f1os&nbsp;<\/strong>es una voz muy influyente dentro de la Iglesia, preside la&nbsp;<strong>Arquidi\u00f3cesis Primada de M\u00e9xico<\/strong>&nbsp;donde ejerce su jurisdicci\u00f3n sobre millones de cat\u00f3licos y es un americanista de coraz\u00f3n.<\/p>\n\n\n\n<p>\u200b<strong>Qui\u00e9n es Carlos Aguiar<\/strong><\/p>\n\n\n\n<p>Aguiar Retes naci\u00f3 en<strong>&nbsp;Tepic, Nayarit en 1950<\/strong>. Se dice que el religioso ha tenido un r\u00e1pido ascenso en las filas de la Iglesia y mantuvo una cercana relaci\u00f3n con Francisco, con quien comparte su visi\u00f3n sobre la necesidad de una renovaci\u00f3n de la instituci\u00f3n, la&nbsp;<strong>apertura y el compromiso<\/strong>&nbsp;con los m\u00e1s necesitados.<\/p>\n\n\n\n<p>Fue ordenado sacerdote en 1973 y cuenta con una&nbsp;<strong>larga trayectoria acad\u00e9mica<\/strong>&nbsp;que lo hace ver como un intelectual, aunque a lo largo de su gesti\u00f3n ha dado un fuerte impulso a la pastoral con tinte m\u00e1s social y la apertura.<\/p>\n\n\n\n<p>Fue en 2017 cuando&nbsp;<strong>Francisco lo nombr\u00f3 Arzobispo&nbsp;<\/strong>de la Ciudad de M\u00e9xico para suceder al controvertido cardenal&nbsp;<strong>Norberto Rivera Carrera<\/strong>, y aunque no se encuentra entre los favoritos, su perfil progresista, su experiencia pastoral y su estrecha relaci\u00f3n con Francisco lo coloca como un contendiente serio para el papado.<\/p>\n\n\n\n<p>La Arquidi\u00f3cesis Primada de M\u00e9xico afirm\u00f3 que el cardenal no da entrevistas y no reaccionar\u00e1 sobre su participaci\u00f3n en el c\u00f3nclave.<\/p>\n\n\n\n<h2 class=\"wp-block-heading\">La relaci\u00f3n del jefe de la iglesia cat\u00f3lica en M\u00e9xico y el Club Am\u00e9rica<\/h2>\n\n\n\n<p>Aguiar Retes comparte pocos aspectos de su vida personal, pero ha demostrado una gran&nbsp;<strong>afinidad por el f\u00fatbol<\/strong>, sobre todo con el equipo al que le es fiel: el Club Am\u00e9rica, el cual puso en o\u00eddos del&nbsp;<a href=\"https:\/\/www.telediario.mx\/deportes\/futbol\/papa-francisco-prefirio-a-pele-por-encima-de-maradona-y-messi\" target=\"_blank\" rel=\"noreferrer noopener\">Papa Francisco.<\/a><\/p>\n\n\n\n<p>En 2019, con motivo del&nbsp;<strong>aniversario 103 del Club Am\u00e9rica<\/strong>, pidi\u00f3 al Papa Francisco enviar un mensaje especial al equipo, quien desde el Vaticano envi\u00f3 una felicitaci\u00f3n que se volvi\u00f3 hist\u00f3rica para los aficionados del club.<\/p>\n\n\n\n<blockquote class=\"wp-block-quote is-layout-flow wp-block-quote-is-layout-flow\">\n<p>\u201cLos felicito por unir en su tarea el deporte y la integraci\u00f3n social con tantas iniciativas solidarias. El futuro no se construye con lamentos sino con decisiones como la vuestra. Tambi\u00e9n me alegra especialmente que al celebrar este aniversario, el Cardenal Don Carlos Aguiar bendiga el Aguilario para la conservaci\u00f3n del \u00e1guila real. S\u00e9 que el \u00e1guila real, s\u00edmbolo del Club Am\u00e9rica, es una especie en extinci\u00f3n \u201c, expres\u00f3 el Papa Francisco en el mensaje.<\/p>\n<\/blockquote>\n\n\n\n<p>El cardenal tambi\u00e9n se viraliz\u00f3 en 2024 cuando acudi\u00f3 al Estadio Azteca para\u00a0<strong>apoyar a las \u00c1guilas\u00a0<\/strong>en la final del f\u00fatbol mexicano que se disput\u00f3 en contra del Cruz Azul.<\/p>\n","protected":false},"excerpt":{"rendered":"<p>Un cardenal mexicano y americanista podr\u00eda ser el pr\u00f3ximo en llegar a la Silla de&#8230;<\/p>\n","protected":false},"author":3,"featured_media":82806,"comment_status":"closed","ping_status":"closed","sticky":false,"template":"","format":"standard","meta":{"footnotes":""},"categories":[4],"tags":[],"class_list":["post-82805","post","type-post","status-publish","format-standard","has-post-thumbnail","hentry","category-noticias-del-dia"],"_links":{"self":[{"href":"https:\/\/bambapolitica.com.mx\/index.php\/wp-json\/wp\/v2\/posts\/82805","targetHints":{"allow":["GET"]}}],"collection":[{"href":"https:\/\/bambapolitica.com.mx\/index.php\/wp-json\/wp\/v2\/posts"}],"about":[{"href":"https:\/\/bambapolitica.com.mx\/index.php\/wp-json\/wp\/v2\/types\/post"}],"author":[{"embeddable":true,"href":"https:\/\/bambapolitica.com.mx\/index.php\/wp-json\/wp\/v2\/users\/3"}],"replies":[{"embeddable":true,"href":"https:\/\/bambapolitica.com.mx\/index.php\/wp-json\/wp\/v2\/comments?post=82805"}],"version-history":[{"count":1,"href":"https:\/\/bambapolitica.com.mx\/index.php\/wp-json\/wp\/v2\/posts\/82805\/revisions"}],"predecessor-version":[{"id":82807,"href":"https:\/\/bambapolitica.com.mx\/index.php\/wp-json\/wp\/v2\/posts\/82805\/revisions\/82807"}],"wp:featuredmedia":[{"embeddable":true,"href":"https:\/\/bambapolitica.com.mx\/index.php\/wp-json\/wp\/v2\/media\/82806"}],"wp:attachment":[{"href":"https:\/\/bambapolitica.com.mx\/index.php\/wp-json\/wp\/v2\/media?parent=82805"}],"wp:term":[{"taxonomy":"category","embeddable":true,"href":"https:\/\/bambapolitica.com.mx\/index.php\/wp-json\/wp\/v2\/categories?post=82805"},{"taxonomy":"post_tag","embeddable":true,"href":"https:\/\/bambapolitica.com.mx\/index.php\/wp-json\/wp\/v2\/tags?post=82805"}],"curies":[{"name":"wp","href":"https:\/\/api.w.org\/{rel}","templated":true}]}}