{"id":82808,"date":"2025-04-24T10:27:55","date_gmt":"2025-04-24T16:27:55","guid":{"rendered":"https:\/\/bambapolitica.com.mx\/?p=82808"},"modified":"2025-04-24T10:27:59","modified_gmt":"2025-04-24T16:27:59","slug":"desconoce-sheinbaum-casos-de-ataques-con-jeringas-a-usuarios-del-metro-van-por-mas-camaras-de-videovigilancia","status":"publish","type":"post","link":"https:\/\/bambapolitica.com.mx\/index.php\/2025\/04\/24\/desconoce-sheinbaum-casos-de-ataques-con-jeringas-a-usuarios-del-metro-van-por-mas-camaras-de-videovigilancia\/","title":{"rendered":"Desconoce Sheinbaum casos de ataques con jeringas a usuarios del Metro; van por m\u00e1s c\u00e1maras de videovigilancia"},"content":{"rendered":"\n<p>La Presidenta refiri\u00f3 que en la reinauguraci\u00f3n de cuatro estaciones de la L\u00ednea 1 del Metro, junto a Clara Brugada, no se habl\u00f3 del tema<\/p>\n\n\n\n<p>La presidenta&nbsp;<a href=\"https:\/\/www.eluniversal.com.mx\/nacion\/la-mananera-de-sheinbaum-24-de-abril-minuto-a-minuto\/\" target=\"_blank\" rel=\"noreferrer noopener\"><strong>Claudia Sheinbaum Pardo<\/strong><\/a>&nbsp;dijo desconocer los casos que han denunciado personas usuarias del&nbsp;<a href=\"https:\/\/www.eluniversal.com.mx\/metropoli\/que-estaciones-de-la-linea-1-estan-abiertas-consulta-el-trayecto-disponible-y-el-tramo-que-permanecera-cerrado\/\" target=\"_blank\" rel=\"noreferrer noopener\"><strong>Metro de la Ciudad de M\u00e9xico<\/strong><\/a>&nbsp;de piquetes para despojarlos de sus pertenencias o secuestrarlos.<\/p>\n\n\n\n<p>En su conferencia ma\u00f1anera de este jueves 24 de abril en&nbsp;<a href=\"https:\/\/www.eluniversal.com.mx\/nacion\/\" target=\"_blank\" rel=\"noreferrer noopener\"><strong>Palacio Nacional<\/strong><\/a>, Sheinbaum Pardo refiri\u00f3 que en la reinauguraci\u00f3n de cuatro estaciones de la L\u00ednea 1 del Metro este mi\u00e9rcoles, junto a la jefa de Gobierno capitalina,&nbsp;<a href=\"https:\/\/www.eluniversal.com.mx\/metropoli\/claudia-sheinbaum-y-clara-brugada-reabren-4-estaciones-de-linea-1-del-metro\/\" target=\"_blank\" rel=\"noreferrer noopener\"><strong>Clara Brugada<\/strong><\/a>, no se habl\u00f3 del tema.<\/p>\n\n\n\n<p>\u201cNo conozco de estos casos\u201d, expres\u00f3.<\/p>\n\n\n\n<p>Adelant\u00f3 Sheinbaum Pardo que Brugada tiene un programa para la Ciudad que consiste en aumentar el n\u00famero de&nbsp;<strong>c\u00e1maras&nbsp;<\/strong>para la videovigilancia del Sistema de Transporte Colectivo.<\/p>\n\n\n\n<p>Reconoci\u00f3 que el ahora secretario de Econom\u00eda,&nbsp;<a href=\"https:\/\/www.eluniversal.com.mx\/opinion\/el-caballito\/quien-es-el-viejo-conocido-que-regresa-al-gobierno-de-la-cdmx\/\" target=\"_blank\" rel=\"noreferrer noopener\"><strong>Marcelo Ebrard<\/strong><\/a>, como jefe de gobierno del entonces Distrito Federal y secretario de Seguridad capitalino fortaleci\u00f3 el sistema de&nbsp;<strong>videovigilancia<\/strong>, y ella como mandataria capitalina aument\u00f3 las c\u00e1maras a 75 mil.<\/p>\n\n\n\n<p>\u201cAhora Clara creo que quiere tripicarlo y quiere que una parte de estas c\u00e1maras est\u00e9 en todas las&nbsp;<a href=\"https:\/\/www.eluniversal.com.mx\/metropoli\/usuarios-usan-por-primera-vez-las-4-estaciones-remodeladas-de-la-l1-del-metro-ya-era-necesario-que-abrieran\/\" target=\"_blank\" rel=\"noreferrer noopener\"><strong>l\u00edneas del Metro<\/strong><\/a>, que ayudar\u00eda mucho\u201d, dijo.<\/p>\n\n\n\n<p><\/p>\n","protected":false},"excerpt":{"rendered":"<p>La Presidenta refiri\u00f3 que en la reinauguraci\u00f3n de cuatro estaciones de la L\u00ednea 1 del&#8230;<\/p>\n","protected":false},"author":3,"featured_media":82809,"comment_status":"closed","ping_status":"closed","sticky":false,"template":"","format":"standard","meta":{"footnotes":""},"categories":[4],"tags":[],"class_list":["post-82808","post","type-post","status-publish","format-standard","has-post-thumbnail","hentry","category-noticias-del-dia"],"_links":{"self":[{"href":"https:\/\/bambapolitica.com.mx\/index.php\/wp-json\/wp\/v2\/posts\/82808","targetHints":{"allow":["GET"]}}],"collection":[{"href":"https:\/\/bambapolitica.com.mx\/index.php\/wp-json\/wp\/v2\/posts"}],"about":[{"href":"https:\/\/bambapolitica.com.mx\/index.php\/wp-json\/wp\/v2\/types\/post"}],"author":[{"embeddable":true,"href":"https:\/\/bambapolitica.com.mx\/index.php\/wp-json\/wp\/v2\/users\/3"}],"replies":[{"embeddable":true,"href":"https:\/\/bambapolitica.com.mx\/index.php\/wp-json\/wp\/v2\/comments?post=82808"}],"version-history":[{"count":1,"href":"https:\/\/bambapolitica.com.mx\/index.php\/wp-json\/wp\/v2\/posts\/82808\/revisions"}],"predecessor-version":[{"id":82810,"href":"https:\/\/bambapolitica.com.mx\/index.php\/wp-json\/wp\/v2\/posts\/82808\/revisions\/82810"}],"wp:featuredmedia":[{"embeddable":true,"href":"https:\/\/bambapolitica.com.mx\/index.php\/wp-json\/wp\/v2\/media\/82809"}],"wp:attachment":[{"href":"https:\/\/bambapolitica.com.mx\/index.php\/wp-json\/wp\/v2\/media?parent=82808"}],"wp:term":[{"taxonomy":"category","embeddable":true,"href":"https:\/\/bambapolitica.com.mx\/index.php\/wp-json\/wp\/v2\/categories?post=82808"},{"taxonomy":"post_tag","embeddable":true,"href":"https:\/\/bambapolitica.com.mx\/index.php\/wp-json\/wp\/v2\/tags?post=82808"}],"curies":[{"name":"wp","href":"https:\/\/api.w.org\/{rel}","templated":true}]}}