{"id":82825,"date":"2025-04-25T09:49:37","date_gmt":"2025-04-25T15:49:37","guid":{"rendered":"https:\/\/bambapolitica.com.mx\/?p=82825"},"modified":"2025-04-25T09:49:46","modified_gmt":"2025-04-25T15:49:46","slug":"con-ferias-de-las-ninas-y-ninos-en-el-municipio-de-la-paz-se-festejara-el-dia-del-nino-y-la-nina","status":"publish","type":"post","link":"https:\/\/bambapolitica.com.mx\/index.php\/2025\/04\/25\/con-ferias-de-las-ninas-y-ninos-en-el-municipio-de-la-paz-se-festejara-el-dia-del-nino-y-la-nina\/","title":{"rendered":"Con Ferias de las Ni\u00f1as y Ni\u00f1os, en el municipio de La Paz, se Festejar\u00e1 el &#8220;D\u00eda del Ni\u00f1o y la Ni\u00f1a&#8221;"},"content":{"rendered":"\n<ul class=\"wp-block-list\">\n<li>Grandes festejos para las ni\u00f1as y ni\u00f1os.<\/li>\n\n\n\n<li>Se repartir\u00e1n alrededor de 10 mil juguetes.<\/li>\n<\/ul>\n\n\n\n<p>La Paz, Edomex., 24 de abril de 2025.- El gobierno municipal realizar\u00e1 cuatro Ferias de las Ni\u00f1as y Ni\u00f1os con el fin de repartir juguetes y llevar alegr\u00eda entre los infantes del territorio local, inform\u00f3 la presidenta municipal, Martha Guerrero S\u00e1nchez.<\/p>\n\n\n\n<p>Aunado a ello, habr\u00e1 rifas, juegos mec\u00e1nicos, payasos, entre otras actividades con el prop\u00f3sito de festejar a los peque\u00f1os en el D\u00eda del Ni\u00f1o y la Ni\u00f1a.<\/p>\n\n\n\n<p>De esta forma se tiene programado iniciar las ferias el s\u00e1bado 26 de abril a las 9:00 horas en la avenida Camino al Cerrito s\/n antes de llegar a la Gasera Luxor, colonia Lomas de San Sebasti\u00e1n.<\/p>\n\n\n\n<p>Posteriormente, a las 13:00 horas del mismo s\u00e1bado en el Deportivo Santa Martha, ubicado en la calle R\u00edo Grijalva entre Francisco I. Madero y Soto la Marina de la colonia La Magdalena Atlicpac, se realizar\u00e1 otro evento similar.<\/p>\n\n\n\n<p>Mientras que para el domingo 27 de abril a las 9:30 horas se realizar\u00e1 una Feria de la Ni\u00f1@ en los Campos de B\u00e9isbol localizado sobre la calle de Sim\u00f3n Bol\u00edvar sin n\u00famero en la cabecera municipal.<\/p>\n\n\n\n<p>Para terminar, el mismo domingo se celebrar\u00e1 la Feria de las Ni\u00f1as y los Ni\u00f1os a las 12:00 horas en la explanada de la Plaza C\u00edvica de R\u00edos de San Isidro, entre R\u00edo Grijalva y Mar\u00eda Luisa en la zona de San Isidro.<\/p>\n\n\n\n<p>La alcaldesa, exhorta a los padres de familia para que lleven a los peque\u00f1ines a los eventos a celebrar en coordinaci\u00f3n con el DIF y otras \u00e1reas del gobierno municipal, con la firme convicci\u00f3n de que el bienestar de nuestra ni\u00f1ez es una prioridad en la actual administraci\u00f3n.<\/p>\n","protected":false},"excerpt":{"rendered":"<p>La Paz, Edomex., 24 de abril de 2025.- El gobierno municipal realizar\u00e1 cuatro Ferias de&#8230;<\/p>\n","protected":false},"author":3,"featured_media":82826,"comment_status":"closed","ping_status":"closed","sticky":false,"template":"","format":"standard","meta":{"footnotes":""},"categories":[4],"tags":[],"class_list":["post-82825","post","type-post","status-publish","format-standard","has-post-thumbnail","hentry","category-noticias-del-dia"],"_links":{"self":[{"href":"https:\/\/bambapolitica.com.mx\/index.php\/wp-json\/wp\/v2\/posts\/82825","targetHints":{"allow":["GET"]}}],"collection":[{"href":"https:\/\/bambapolitica.com.mx\/index.php\/wp-json\/wp\/v2\/posts"}],"about":[{"href":"https:\/\/bambapolitica.com.mx\/index.php\/wp-json\/wp\/v2\/types\/post"}],"author":[{"embeddable":true,"href":"https:\/\/bambapolitica.com.mx\/index.php\/wp-json\/wp\/v2\/users\/3"}],"replies":[{"embeddable":true,"href":"https:\/\/bambapolitica.com.mx\/index.php\/wp-json\/wp\/v2\/comments?post=82825"}],"version-history":[{"count":1,"href":"https:\/\/bambapolitica.com.mx\/index.php\/wp-json\/wp\/v2\/posts\/82825\/revisions"}],"predecessor-version":[{"id":82827,"href":"https:\/\/bambapolitica.com.mx\/index.php\/wp-json\/wp\/v2\/posts\/82825\/revisions\/82827"}],"wp:featuredmedia":[{"embeddable":true,"href":"https:\/\/bambapolitica.com.mx\/index.php\/wp-json\/wp\/v2\/media\/82826"}],"wp:attachment":[{"href":"https:\/\/bambapolitica.com.mx\/index.php\/wp-json\/wp\/v2\/media?parent=82825"}],"wp:term":[{"taxonomy":"category","embeddable":true,"href":"https:\/\/bambapolitica.com.mx\/index.php\/wp-json\/wp\/v2\/categories?post=82825"},{"taxonomy":"post_tag","embeddable":true,"href":"https:\/\/bambapolitica.com.mx\/index.php\/wp-json\/wp\/v2\/tags?post=82825"}],"curies":[{"name":"wp","href":"https:\/\/api.w.org\/{rel}","templated":true}]}}