{"id":82835,"date":"2025-04-28T08:48:44","date_gmt":"2025-04-28T14:48:44","guid":{"rendered":"https:\/\/bambapolitica.com.mx\/?p=82835"},"modified":"2025-04-28T08:48:48","modified_gmt":"2025-04-28T14:48:48","slug":"en-la-paz-realizan-feria-de-la-nina-y-nino","status":"publish","type":"post","link":"https:\/\/bambapolitica.com.mx\/index.php\/2025\/04\/28\/en-la-paz-realizan-feria-de-la-nina-y-nino\/","title":{"rendered":"En La Paz, Realizan Feria de la Ni\u00f1a y Ni\u00f1o"},"content":{"rendered":"\n<p>* Reparto de juguetes, juegos mec\u00e1nicos y m\u00e1s&nbsp;<\/p>\n\n\n\n<p>* Grandes festejos en diversos partes del municipio<\/p>\n\n\n\n<p>Los campos de B\u00e9isbol de la cabecera municipal y la plaza C\u00edvica de Lomas San Isidro se llenaron de risas, juegos y momentos inolvidables para las ni\u00f1as y ni\u00f1os.&nbsp;<\/p>\n\n\n\n<p>Entre juegos mec\u00e1nicos, una tirolesa infantil, magos y otras actividades se realiz\u00f3 la Feria de las Ni\u00f1as y Ni\u00f1os en el municipio de La Paz.<\/p>\n\n\n\n<p>La presidenta municipal, Martha Guerrero S\u00e1nchez, en el Deportivo de Santa Marta del poblado de La Magdalena Atlicpac y en Lomas de San Sebasti\u00e1n se\u00f1al\u00f3 que estos eventos y lugares son de convivencia y esparcimiento familiar.<\/p>\n\n\n\n<p>Adem\u00e1s cada uno de los espacios utilizados por la Feria de las Ni\u00f1as y los Ni\u00f1os sirven&nbsp;&nbsp;como punto de reuni\u00f3n para realizar otras actividades como ejercitar su cuerpo, jugar, adem\u00e1s son para fortalecer las actividades que mantengan ocupados a los infantes fuera de las drogas, el alcohol y la vagancia.<\/p>\n\n\n\n<p>Con juegos mec\u00e1nicos, pinta caritas, coloreando hojas, rifas de triciclos, as\u00ed como realizando competencias de carreras de costales, conociendo el cami\u00f3n de bomberos o subiendo a una patrulla, es como los peque\u00f1os y peque\u00f1as convivieron.<\/p>\n\n\n\n<p>Tambien los peque\u00f1os se tomaron fotografias con sus super h\u00e9roes como Batman, batichica, capit\u00e1n Am\u00e9rica, picachu, gatubela, sirenita, entre otros personajes que gustan y alegran a los peque\u00f1os.<\/p>\n\n\n\n<p>Con magos, pintura de figuras hechas de yeso, repartos de dulces y palomitas los infantes en los festejos del Dia del Ni\u00f1o se quedan con un recuerdo de un gran evento organizado por el gobierno local.<\/p>\n\n\n\n<figure class=\"wp-block-gallery has-nested-images columns-default is-cropped wp-block-gallery-1 is-layout-flex wp-block-gallery-is-layout-flex\">\n<figure class=\"wp-block-image size-large\"><img loading=\"lazy\" decoding=\"async\" width=\"1024\" height=\"683\" data-id=\"82836\" src=\"https:\/\/bambapolitica.com.mx\/wp-content\/uploads\/2025\/04\/81a13c12-913e-4982-923d-e28ec67cb611-1024x683.jpeg\" alt=\"\" class=\"wp-image-82836\" srcset=\"https:\/\/bambapolitica.com.mx\/wp-content\/uploads\/2025\/04\/81a13c12-913e-4982-923d-e28ec67cb611-1024x683.jpeg 1024w, https:\/\/bambapolitica.com.mx\/wp-content\/uploads\/2025\/04\/81a13c12-913e-4982-923d-e28ec67cb611-300x200.jpeg 300w, https:\/\/bambapolitica.com.mx\/wp-content\/uploads\/2025\/04\/81a13c12-913e-4982-923d-e28ec67cb611-768x512.jpeg 768w, https:\/\/bambapolitica.com.mx\/wp-content\/uploads\/2025\/04\/81a13c12-913e-4982-923d-e28ec67cb611.jpeg 1080w\" sizes=\"auto, (max-width: 1024px) 100vw, 1024px\" \/><\/figure>\n<\/figure>\n","protected":false},"excerpt":{"rendered":"<p>* Reparto de juguetes, juegos mec\u00e1nicos y m\u00e1s&nbsp; * Grandes festejos en diversos partes del&#8230;<\/p>\n","protected":false},"author":3,"featured_media":0,"comment_status":"closed","ping_status":"closed","sticky":false,"template":"","format":"standard","meta":{"footnotes":""},"categories":[4],"tags":[],"class_list":["post-82835","post","type-post","status-publish","format-standard","hentry","category-noticias-del-dia"],"_links":{"self":[{"href":"https:\/\/bambapolitica.com.mx\/index.php\/wp-json\/wp\/v2\/posts\/82835","targetHints":{"allow":["GET"]}}],"collection":[{"href":"https:\/\/bambapolitica.com.mx\/index.php\/wp-json\/wp\/v2\/posts"}],"about":[{"href":"https:\/\/bambapolitica.com.mx\/index.php\/wp-json\/wp\/v2\/types\/post"}],"author":[{"embeddable":true,"href":"https:\/\/bambapolitica.com.mx\/index.php\/wp-json\/wp\/v2\/users\/3"}],"replies":[{"embeddable":true,"href":"https:\/\/bambapolitica.com.mx\/index.php\/wp-json\/wp\/v2\/comments?post=82835"}],"version-history":[{"count":1,"href":"https:\/\/bambapolitica.com.mx\/index.php\/wp-json\/wp\/v2\/posts\/82835\/revisions"}],"predecessor-version":[{"id":82837,"href":"https:\/\/bambapolitica.com.mx\/index.php\/wp-json\/wp\/v2\/posts\/82835\/revisions\/82837"}],"wp:attachment":[{"href":"https:\/\/bambapolitica.com.mx\/index.php\/wp-json\/wp\/v2\/media?parent=82835"}],"wp:term":[{"taxonomy":"category","embeddable":true,"href":"https:\/\/bambapolitica.com.mx\/index.php\/wp-json\/wp\/v2\/categories?post=82835"},{"taxonomy":"post_tag","embeddable":true,"href":"https:\/\/bambapolitica.com.mx\/index.php\/wp-json\/wp\/v2\/tags?post=82835"}],"curies":[{"name":"wp","href":"https:\/\/api.w.org\/{rel}","templated":true}]}}