{"id":82842,"date":"2025-04-28T09:04:23","date_gmt":"2025-04-28T15:04:23","guid":{"rendered":"https:\/\/bambapolitica.com.mx\/?p=82842"},"modified":"2025-04-28T09:20:30","modified_gmt":"2025-04-28T15:20:30","slug":"quedo-integrada-la-comision-de-mejora-regulatoria-en-texcoco","status":"publish","type":"post","link":"https:\/\/bambapolitica.com.mx\/index.php\/2025\/04\/28\/quedo-integrada-la-comision-de-mejora-regulatoria-en-texcoco\/","title":{"rendered":"QUED\u00d3 INTEGRADA LA COMISI\u00d3N DE MEJORA REGULATORIA EN TEXCOCO"},"content":{"rendered":"\n<p>El pleno del cabildo aprob\u00f3 por unanimidad la integraci\u00f3n de la Comisi\u00f3n de Mejora Regulatoria<\/p>\n\n\n\n<p>\u2022 La Mejora Regulatoria es una cuesti\u00f3n de norma, hay un art\u00edculo que tenemos que cumplir: NGM<\/p>\n\n\n\n<p>\u2022 En la Comisi\u00f3n de Mejora Regulatoria destaca la presencia de Omar Garrido, en representaci\u00f3n de la sociedad civil<\/p>\n\n\n\n<p>En la D\u00e9cima Segunda Sesi\u00f3n Ordinaria de Cabildo, se aprob\u00f3 por unanimidad&nbsp;&nbsp;la integraci\u00f3n de la Comisi\u00f3n de Mejora Regulatoria, cuyo objetivo principal ser\u00e1 cumplir con la premisa de establecer un gobierno digital, que facilite la cercan\u00eda con la gente para realizar tr\u00e1mites y servicios ante el Gobierno Municipal de Texcoco.<\/p>\n\n\n\n<p>El secretario del Ayuntamiento expuso ante el cabildo la integraci\u00f3n de a Comisi\u00f3n de Mejora Regulatoria, integrada por el Presidente municipal Nazario Guti\u00e9rrez Mart\u00ednez, la s\u00edndico municipal Liliana Jazm\u00edn Rivera Mart\u00ednez, lo regidores Omar Aguilar Garc\u00eda , Georgina Arellano Blanco en la comisi\u00f3n de Desarrollo Econ\u00f3mico, Mar\u00eda Sosa Guzm\u00e1n y Antonio Rivera mancilla, la titular del \u00e1rea jur\u00eddica Magdalena Moreno Vega, el secretario t\u00e9cnico que ser\u00e1 el coordinador general municipal de mejora regulatoria a cargo de Adolfo Venegas Torres, qui\u00e9n llevar\u00e1 de manera directa est\u00e1 \u00e1rea, sum\u00e1ndose en representaci\u00f3n de la ciudadan\u00eda y el sector empresarial Omar Garrilo Gonz\u00e1lez, as\u00ed como la Directora de Desarrollo Econ\u00f3mico M\u00f3nica Quintero Miranda y el Director de Desarrollo Econ\u00f3mico Irven Dalilo Z\u00e1rate M\u00e1rquez.<\/p>\n\n\n\n<p>Luego de que en la D\u00e9cima Segunda Sesi\u00f3n Ordinaria de Cabildo se aprobara por unanimidad la Comisi\u00f3n de Mejora Regulatoria, se tom\u00f3 protesta a los integrantes, quedando como responsable de esta \u00e1rea Adolfo Venegas Torres, quien enfatiz\u00f3 la importancia de cumplir con la norma institucional de trabajar por avanzar a un 100 por ciento para lograr la digitalizaci\u00f3n de tr\u00e1mites y servicios, lo que se ver\u00e1 reflejado en al atenci\u00f3n a la ciudadan\u00eda, as\u00ed como en un ahorro importante en papeler\u00eda lo que repercutir\u00e1 en el cuidado de medio ambiente.<\/p>\n\n\n\n<p>Los regidores coincidieron en pedir que no se escatime en la atenci\u00f3n a la ciudadan\u00eda, sobre todo en la atenci\u00f3n a los adultos mayores, para que logren incorporarse a est\u00e1s nuevas pr\u00e1cticas que trae consigo un gobierno Digital.<\/p>\n\n\n\n<p>El Presidente Municipal Nazario Guti\u00e9rrez Mart\u00ednez se\u00f1al\u00f3 a los integrantes del cabildo que: \u201cla Mejora Regulatoria es una cuesti\u00f3n de norma, hay un art\u00edculo que nos hace referencia que tengamos que cumplir con la conformaci\u00f3n de esta comisi\u00f3n\u201d, puntualiz\u00f3.<\/p>\n\n\n\n<p>Aprovech\u00f3 para&nbsp;&nbsp;agradecer de manera muy especial la participaci\u00f3n del empresario Omar Garrido: \u201cgracias por participar con nosotros distinguido empresarios como ha sido invitado para dar fe y testimonio de que esta comisi\u00f3n va a trabajar de manera transparente y a favor de las y los habitantes de Texcoco\u201d.<\/p>\n\n\n\n<figure class=\"wp-block-gallery has-nested-images columns-default is-cropped wp-block-gallery-1 is-layout-flex wp-block-gallery-is-layout-flex\">\n<figure class=\"wp-block-image size-large\"><img loading=\"lazy\" decoding=\"async\" width=\"1024\" height=\"682\" data-id=\"82843\" src=\"https:\/\/bambapolitica.com.mx\/wp-content\/uploads\/2025\/04\/51d2f717-4ad2-40ef-a97c-14989e9a2ffa-1024x682.jpeg\" alt=\"\" class=\"wp-image-82843\" srcset=\"https:\/\/bambapolitica.com.mx\/wp-content\/uploads\/2025\/04\/51d2f717-4ad2-40ef-a97c-14989e9a2ffa-1024x682.jpeg 1024w, https:\/\/bambapolitica.com.mx\/wp-content\/uploads\/2025\/04\/51d2f717-4ad2-40ef-a97c-14989e9a2ffa-300x200.jpeg 300w, https:\/\/bambapolitica.com.mx\/wp-content\/uploads\/2025\/04\/51d2f717-4ad2-40ef-a97c-14989e9a2ffa-768x512.jpeg 768w, https:\/\/bambapolitica.com.mx\/wp-content\/uploads\/2025\/04\/51d2f717-4ad2-40ef-a97c-14989e9a2ffa-1536x1023.jpeg 1536w, https:\/\/bambapolitica.com.mx\/wp-content\/uploads\/2025\/04\/51d2f717-4ad2-40ef-a97c-14989e9a2ffa.jpeg 1600w\" sizes=\"auto, (max-width: 1024px) 100vw, 1024px\" \/><\/figure>\n<\/figure>\n","protected":false},"excerpt":{"rendered":"<p>El pleno del cabildo aprob\u00f3 por unanimidad la integraci\u00f3n de la Comisi\u00f3n de Mejora Regulatoria&#8230;<\/p>\n","protected":false},"author":3,"featured_media":82843,"comment_status":"closed","ping_status":"closed","sticky":false,"template":"","format":"standard","meta":{"footnotes":""},"categories":[4],"tags":[],"class_list":["post-82842","post","type-post","status-publish","format-standard","has-post-thumbnail","hentry","category-noticias-del-dia"],"_links":{"self":[{"href":"https:\/\/bambapolitica.com.mx\/index.php\/wp-json\/wp\/v2\/posts\/82842","targetHints":{"allow":["GET"]}}],"collection":[{"href":"https:\/\/bambapolitica.com.mx\/index.php\/wp-json\/wp\/v2\/posts"}],"about":[{"href":"https:\/\/bambapolitica.com.mx\/index.php\/wp-json\/wp\/v2\/types\/post"}],"author":[{"embeddable":true,"href":"https:\/\/bambapolitica.com.mx\/index.php\/wp-json\/wp\/v2\/users\/3"}],"replies":[{"embeddable":true,"href":"https:\/\/bambapolitica.com.mx\/index.php\/wp-json\/wp\/v2\/comments?post=82842"}],"version-history":[{"count":1,"href":"https:\/\/bambapolitica.com.mx\/index.php\/wp-json\/wp\/v2\/posts\/82842\/revisions"}],"predecessor-version":[{"id":82844,"href":"https:\/\/bambapolitica.com.mx\/index.php\/wp-json\/wp\/v2\/posts\/82842\/revisions\/82844"}],"wp:featuredmedia":[{"embeddable":true,"href":"https:\/\/bambapolitica.com.mx\/index.php\/wp-json\/wp\/v2\/media\/82843"}],"wp:attachment":[{"href":"https:\/\/bambapolitica.com.mx\/index.php\/wp-json\/wp\/v2\/media?parent=82842"}],"wp:term":[{"taxonomy":"category","embeddable":true,"href":"https:\/\/bambapolitica.com.mx\/index.php\/wp-json\/wp\/v2\/categories?post=82842"},{"taxonomy":"post_tag","embeddable":true,"href":"https:\/\/bambapolitica.com.mx\/index.php\/wp-json\/wp\/v2\/tags?post=82842"}],"curies":[{"name":"wp","href":"https:\/\/api.w.org\/{rel}","templated":true}]}}