{"id":82857,"date":"2025-04-28T12:59:18","date_gmt":"2025-04-28T18:59:18","guid":{"rendered":"https:\/\/bambapolitica.com.mx\/?p=82857"},"modified":"2025-04-28T12:59:21","modified_gmt":"2025-04-28T18:59:21","slug":"recuperan-predios-ocupados-de-manera-ilegal-en-los-reyes-la-paz","status":"publish","type":"post","link":"https:\/\/bambapolitica.com.mx\/index.php\/2025\/04\/28\/recuperan-predios-ocupados-de-manera-ilegal-en-los-reyes-la-paz\/","title":{"rendered":"Recuperan predios ocupados de manera ilegal en Los Reyes La Paz"},"content":{"rendered":"\n<p>Elementos de distintas corporaciones trabajan de manera coordinada<br>*El despojo no ser\u00e1 permitido en este municipio: Martha Guerrero<\/p>\n\n\n\n<p>La Paz, Edomex., 28 de abril de 2025.- Un operativo coordinado entre distintas corporaciones de seguridad logr\u00f3 este d\u00eda la recuperaci\u00f3n de tres predios en la comunidad de San Jos\u00e9 de Las Palmas, en el municipio de La Paz, los cuales se encontraban ocupados de manera indebida.<\/p>\n\n\n\n<p>Eduardo Fouilloux Bataller, director de Seguridad Ciudadana, Tr\u00e1nsito Municipal y Movilidad de La Paz, inform\u00f3 que esta acci\u00f3n se realiz\u00f3 por instrucci\u00f3n directa del Gobierno del Estado de M\u00e9xico. Explic\u00f3 que los predios estaban ocupados por personas que, en muchos casos, hab\u00edan sido v\u00edctimas de fraudes al alquilar o comprar propiedades de quienes no eran los leg\u00edtimos due\u00f1os.<\/p>\n\n\n\n<p>En el operativo participaron elementos de la Marina, Polic\u00eda Estatal, Polic\u00eda Municipal y personal de la Fiscal\u00eda General de Justicia del Estado de M\u00e9xico.<\/p>\n\n\n\n<p>Durante las diligencias se detectaron indicios de consumo de drogas en los lugares recuperados, aunque no se reportaron enfrentamientos graves. Fouilloux Bataller subray\u00f3 que las personas que habitaban los predios fueron desalojadas de forma pac\u00edfica, aunque advirti\u00f3 que de haberse negado, habr\u00edan sido puestas a disposici\u00f3n de las autoridades competentes.<\/p>\n\n\n\n<p>El director explic\u00f3 que todo el procedimiento est\u00e1 supeditado a que los leg\u00edtimos propietarios presenten su documentaci\u00f3n, con lo cual la Fiscal\u00eda puede girar las \u00f3rdenes de desalojo pertinentes, como ocurri\u00f3 en esta jornada.<br>Sobre el futuro de estos espacios, las autoridades se\u00f1alaron que continuar\u00e1n con la recuperaci\u00f3n de m\u00e1s predios ocupados de forma ilegal en el municipio, buscando devolver la confianza de la ciudadan\u00eda en sus cuerpos de seguridad.<\/p>\n\n\n\n<p>Fouilloux Bataller agradeci\u00f3 a los vecinos de La Paz por su colaboraci\u00f3n y reiter\u00f3 que el objetivo es que los elementos de seguridad se integren cada vez m\u00e1s en la vida comunitaria, generando un ambiente de mayor tranquilidad y orden.<\/p>\n\n\n\n<p>La administraci\u00f3n local destac\u00f3 que este tipo de acciones buscan prevenir la ocupaci\u00f3n irregular y proteger el patrimonio de las familias, adem\u00e1s de combatir otros delitos que derivan de estos asentamientos irregulares.<\/p>\n\n\n\n<p>Finalmente, las autoridades hicieron un llamado a los ciudadanos para verificar de manera cuidadosa la legalidad de las propiedades antes de realizar cualquier adquisici\u00f3n o renta, y reportar cualquier anomal\u00eda ante las instancias oficiales.<\/p>\n","protected":false},"excerpt":{"rendered":"<p>Elementos de distintas corporaciones trabajan de manera coordinada*El despojo no ser\u00e1 permitido en este municipio:&#8230;<\/p>\n","protected":false},"author":3,"featured_media":82858,"comment_status":"closed","ping_status":"closed","sticky":false,"template":"","format":"standard","meta":{"footnotes":""},"categories":[4],"tags":[],"class_list":["post-82857","post","type-post","status-publish","format-standard","has-post-thumbnail","hentry","category-noticias-del-dia"],"_links":{"self":[{"href":"https:\/\/bambapolitica.com.mx\/index.php\/wp-json\/wp\/v2\/posts\/82857","targetHints":{"allow":["GET"]}}],"collection":[{"href":"https:\/\/bambapolitica.com.mx\/index.php\/wp-json\/wp\/v2\/posts"}],"about":[{"href":"https:\/\/bambapolitica.com.mx\/index.php\/wp-json\/wp\/v2\/types\/post"}],"author":[{"embeddable":true,"href":"https:\/\/bambapolitica.com.mx\/index.php\/wp-json\/wp\/v2\/users\/3"}],"replies":[{"embeddable":true,"href":"https:\/\/bambapolitica.com.mx\/index.php\/wp-json\/wp\/v2\/comments?post=82857"}],"version-history":[{"count":1,"href":"https:\/\/bambapolitica.com.mx\/index.php\/wp-json\/wp\/v2\/posts\/82857\/revisions"}],"predecessor-version":[{"id":82859,"href":"https:\/\/bambapolitica.com.mx\/index.php\/wp-json\/wp\/v2\/posts\/82857\/revisions\/82859"}],"wp:featuredmedia":[{"embeddable":true,"href":"https:\/\/bambapolitica.com.mx\/index.php\/wp-json\/wp\/v2\/media\/82858"}],"wp:attachment":[{"href":"https:\/\/bambapolitica.com.mx\/index.php\/wp-json\/wp\/v2\/media?parent=82857"}],"wp:term":[{"taxonomy":"category","embeddable":true,"href":"https:\/\/bambapolitica.com.mx\/index.php\/wp-json\/wp\/v2\/categories?post=82857"},{"taxonomy":"post_tag","embeddable":true,"href":"https:\/\/bambapolitica.com.mx\/index.php\/wp-json\/wp\/v2\/tags?post=82857"}],"curies":[{"name":"wp","href":"https:\/\/api.w.org\/{rel}","templated":true}]}}