{"id":82868,"date":"2025-04-29T10:07:35","date_gmt":"2025-04-29T16:07:35","guid":{"rendered":"https:\/\/bambapolitica.com.mx\/?p=82868"},"modified":"2025-04-29T10:07:40","modified_gmt":"2025-04-29T16:07:40","slug":"se-recorrera-el-puente-del-1-de-mayo-esto-dijo-la-sep","status":"publish","type":"post","link":"https:\/\/bambapolitica.com.mx\/index.php\/2025\/04\/29\/se-recorrera-el-puente-del-1-de-mayo-esto-dijo-la-sep\/","title":{"rendered":"\u00bfSe recorrer\u00e1 el puente del 1 de mayo? Esto dijo la SEP"},"content":{"rendered":"\n<p>El fin del ciclo escolar est\u00e1 previsto para el 16 de julio de 2025, por lo que si est\u00e1s planeando vacaciones familiares<\/p>\n\n\n\n<p>Tras concluir el periodo vacacional de&nbsp;<a href=\"https:\/\/www.elgrafico.mx\/\"><strong>Semana Santa<\/strong>,<\/a>&nbsp;que comenz\u00f3 el 14 de abril y finaliz\u00f3 el viernes 25 de abril, muchos padres de familia y estudiantes se han preguntado si el regreso a clases est\u00e1 programado para el lunes 28 de abril. La<strong>&nbsp;Secretar\u00eda de Educaci\u00f3n P\u00fablica<\/strong>&nbsp;(SEP) ha aclarado que s\u00ed habr\u00e1 clases el lunes 28 de abril, tal como est\u00e1 estipulado en el<strong>&nbsp;calendario escolar 2024-2025.<\/strong>&nbsp;No se ha reportado ning\u00fan cambio oficial.<\/p>\n\n\n\n<p>Sin embargo, lo que m\u00e1s ha despertado inter\u00e9s es el descanso por el&nbsp;<strong>1 de mayo<\/strong>, y aqu\u00ed es donde vale la pena prestar especial atenci\u00f3n.<\/p>\n\n\n\n<p>La SEP ha confirmado por medio de su calendario escolar que el jueves 1 de mayo de 2025 ser\u00e1 d\u00eda de descanso obligatorio en todos los niveles educativos del pa\u00eds: desde educaci\u00f3n b\u00e1sica hasta superior, tanto en escuelas p\u00fablicas como privadas. Este d\u00eda se conmemora el<a href=\"https:\/\/www.elgrafico.mx\/espectaculos\/2025\/04\/25\/belinda-seduce-al-publico-con-vestido-entallado-y-transparencias-especificas-asi-luce\/\">&nbsp;<strong>D\u00eda del Trabajo<\/strong><\/a>, una fecha de gran relevancia hist\u00f3rica y social, no solo en M\u00e9xico, sino a nivel internacional.<\/p>\n\n\n\n<p>A diferencia de otros d\u00edas festivos como el&nbsp;<strong>Natalicio de Benito Ju\u00e1rez<\/strong>&nbsp;o el&nbsp;<strong>D\u00eda de la Constituci\u00f3n<\/strong>, que suelen recorrerse al lunes m\u00e1s cercano para fomentar los fines de semana largos, el 1 de mayo se mantiene en su fecha original. Esto se debe a la importancia de esta fecha como s\u00edmbolo de la lucha de los trabajadores por condiciones laborales justas.<\/p>\n\n\n\n<h2 class=\"wp-block-heading\"><strong>\u00bfPor qu\u00e9 se conmemora el D\u00eda del Trabajo?<\/strong><\/h2>\n\n\n\n<p>El D\u00eda del Trabajo tiene sus ra\u00edces en los movimientos obreros de finales del siglo XIX. El m\u00e1s representativo ocurri\u00f3 en Chicago en 1886, cuando miles de trabajadores salieron a las calles para exigir una jornada laboral de ocho horas. La manifestaci\u00f3n fue brutalmente reprimida, pero marc\u00f3 un antes y un despu\u00e9s en la historia laboral. Fue hasta 1889 que el&nbsp;<strong>Congreso de la Segunda Internacional<\/strong>&nbsp;declar\u00f3 oficialmente el 1 de mayo como el D\u00eda Internacional de los Trabajadores.<\/p>\n\n\n\n<h2 class=\"wp-block-heading\"><strong>\u00bfHabr\u00e1 otro puente en mayo?<\/strong><\/h2>\n\n\n\n<p>S\u00ed. Adem\u00e1s del descanso por el&nbsp;<strong>D\u00eda del Trabajo<\/strong>, el calendario marca tambi\u00e9n el lunes 5 de mayo como d\u00eda de suspensi\u00f3n de labores. Este d\u00eda se conmemora la hist\u00f3rica Batalla de Puebla de 1862, en la que el ej\u00e9rcito mexicano, comandado por el&nbsp;<strong>General Ignacio Zaragoza<\/strong>, derrot\u00f3 al&nbsp;<strong>ej\u00e9rcito franc\u00e9s de Napole\u00f3n III.<\/strong><\/p>\n\n\n\n<h2 class=\"wp-block-heading\"><strong>\u00bfCu\u00e1ndo termina el ciclo escolar?<\/strong><\/h2>\n\n\n\n<p>El fin del<strong>\u00a0ciclo escolar\u00a0<\/strong>est\u00e1 previsto para el 16 de julio de 2025, por lo que si est\u00e1s planeando vacaciones familiares, esa ser\u00e1 la fecha a partir de la cual los estudiantes estar\u00e1n oficialmente libres.<\/p>\n\n\n\n<p><\/p>\n","protected":false},"excerpt":{"rendered":"<p>El fin del ciclo escolar est\u00e1 previsto para el 16 de julio de 2025, por&#8230;<\/p>\n","protected":false},"author":3,"featured_media":82869,"comment_status":"closed","ping_status":"closed","sticky":false,"template":"","format":"standard","meta":{"footnotes":""},"categories":[4],"tags":[],"class_list":["post-82868","post","type-post","status-publish","format-standard","has-post-thumbnail","hentry","category-noticias-del-dia"],"_links":{"self":[{"href":"https:\/\/bambapolitica.com.mx\/index.php\/wp-json\/wp\/v2\/posts\/82868","targetHints":{"allow":["GET"]}}],"collection":[{"href":"https:\/\/bambapolitica.com.mx\/index.php\/wp-json\/wp\/v2\/posts"}],"about":[{"href":"https:\/\/bambapolitica.com.mx\/index.php\/wp-json\/wp\/v2\/types\/post"}],"author":[{"embeddable":true,"href":"https:\/\/bambapolitica.com.mx\/index.php\/wp-json\/wp\/v2\/users\/3"}],"replies":[{"embeddable":true,"href":"https:\/\/bambapolitica.com.mx\/index.php\/wp-json\/wp\/v2\/comments?post=82868"}],"version-history":[{"count":1,"href":"https:\/\/bambapolitica.com.mx\/index.php\/wp-json\/wp\/v2\/posts\/82868\/revisions"}],"predecessor-version":[{"id":82870,"href":"https:\/\/bambapolitica.com.mx\/index.php\/wp-json\/wp\/v2\/posts\/82868\/revisions\/82870"}],"wp:featuredmedia":[{"embeddable":true,"href":"https:\/\/bambapolitica.com.mx\/index.php\/wp-json\/wp\/v2\/media\/82869"}],"wp:attachment":[{"href":"https:\/\/bambapolitica.com.mx\/index.php\/wp-json\/wp\/v2\/media?parent=82868"}],"wp:term":[{"taxonomy":"category","embeddable":true,"href":"https:\/\/bambapolitica.com.mx\/index.php\/wp-json\/wp\/v2\/categories?post=82868"},{"taxonomy":"post_tag","embeddable":true,"href":"https:\/\/bambapolitica.com.mx\/index.php\/wp-json\/wp\/v2\/tags?post=82868"}],"curies":[{"name":"wp","href":"https:\/\/api.w.org\/{rel}","templated":true}]}}