{"id":82881,"date":"2025-04-30T09:57:30","date_gmt":"2025-04-30T15:57:30","guid":{"rendered":"https:\/\/bambapolitica.com.mx\/?p=82881"},"modified":"2025-04-30T09:57:42","modified_gmt":"2025-04-30T15:57:42","slug":"escuela-militarizada-ollin-que-se-sabe-sobre-la-investigacion-de-la-muerte-de-erick-leonardo","status":"publish","type":"post","link":"https:\/\/bambapolitica.com.mx\/index.php\/2025\/04\/30\/escuela-militarizada-ollin-que-se-sabe-sobre-la-investigacion-de-la-muerte-de-erick-leonardo\/","title":{"rendered":"Escuela militarizada Ollin: \u00bfQu\u00e9 se sabe sobre la investigaci\u00f3n de la muerte de Erick Leonardo?"},"content":{"rendered":"\n<p>Un adolescente de 13 a\u00f1os, estudiante de la escuela militarizada Ollin, falleci\u00f3 tras ser presuntamente torturado por sus mentores durante un campamento<\/p>\n\n\n\n<p><strong>Erick Leonardo<\/strong>&nbsp;acudi\u00f3 al&nbsp;<strong>campamento<\/strong>&nbsp;de la&nbsp;<strong>escuela militarizada Ollin<\/strong>&nbsp;<a href=\"https:\/\/www.elgrafico.mx\/\">para festejar<\/a>&nbsp;el&nbsp;<strong>d\u00eda del ni\u00f1o<\/strong>. Para el estudiante de&nbsp;<strong>13 a\u00f1os<\/strong>&nbsp;y su familia no hubo celebraci\u00f3n sino el&nbsp;<strong>funeral<\/strong>&nbsp;del adolescente que fue&nbsp;<strong>torturado<\/strong>&nbsp;por sus mentores.<\/p>\n\n\n\n<p>\u00c9l era estudiante del&nbsp;<strong>primer a\u00f1o de secundaria<\/strong>&nbsp;de la&nbsp;<strong>escuela<\/strong>&nbsp;ubicada en la&nbsp;<strong>colonia Santa Mar\u00eda la Ribera<\/strong>,&nbsp;<a href=\"https:\/\/www.elgrafico.mx\/la-roja\/\">en la alcald\u00eda&nbsp;<strong>Cuauht\u00e9moc<\/strong><\/a>.<\/p>\n\n\n\n<p>Ten\u00eda la intenci\u00f3n de continuar sus estudios para ingresar a la&nbsp;<strong>Fuerza Armada de M\u00e9xico<\/strong>&nbsp;y por eso,&nbsp;<a href=\"https:\/\/www.eluniversal.com.mx\/\">su madre lo inscribi\u00f3<\/a>&nbsp;en la&nbsp;<strong>escuela militarizada<\/strong>.<\/p>\n\n\n\n<p>Entre esos aprendizajes estaba la asistencia obligatoria a un&nbsp;<strong>campamento en Morelos<\/strong>&nbsp;en donde tambi\u00e9n se celebrar\u00eda el&nbsp;<strong>d\u00eda del ni\u00f1o<\/strong>.Tras el pago de&nbsp;<strong>mil 800 pesos<\/strong>,&nbsp;<strong>Erick Leonardo Torbell\u00edn<\/strong>&nbsp;acudi\u00f3 al&nbsp;<strong>campamento organizado por la escuela<\/strong>.<\/p>\n\n\n\n<p>As\u00ed, el&nbsp;<strong>23 de abril<\/strong>,&nbsp;<strong>Ericka<\/strong>&nbsp;dej\u00f3 a su hijo en manos de los encargados de la&nbsp;<strong>escuela militar<\/strong>. \u201cEra un festejo al que todos los ni\u00f1os acudir\u00edan con trajes de sus personajes preferidos.&nbsp;<strong>Erick<\/strong>&nbsp;llevaba un disfraz de&nbsp;<strong>Luffy<\/strong>\u201d.Pero la celebraci\u00f3n, en realidad fue un viaje en donde el menor encontr\u00f3 la muerte.<\/p>\n\n\n\n<p>Y s\u00ed, horas antes de la fecha en la que el estudiante y sus compa\u00f1eros regresar\u00edan a la&nbsp;<strong>Ciudad de M\u00e9xico<\/strong>,&nbsp;<strong>Ericka<\/strong>&nbsp;recibi\u00f3 una llamada por parte de la&nbsp;<strong>Teniente Ang\u00e9lica Echevesti<\/strong>.<\/p>\n\n\n\n<p>Ella le informaba que el \u201c<strong>Cabo Torbellino<\/strong>\u201d estaba hospitalizado pero que no hab\u00eda raz\u00f3n por la cual preocuparse.<\/p>\n\n\n\n<p>Ante la insistencia de&nbsp;<strong>Ericka<\/strong>&nbsp;por saber de su hijo, la teniente le inform\u00f3 que el ni\u00f1o \u201cten\u00eda los&nbsp;<strong>signos vitales<\/strong>&nbsp;un poco desnivelados\u201d.La madre se traslad\u00f3 al&nbsp;<strong>hospital en Morelos<\/strong>&nbsp;en donde le dieron la noticia de que&nbsp;<strong>Erick<\/strong>&nbsp;hab\u00eda muerto.Son los compa\u00f1eros del menor, los testigos de las supuestas pr\u00e1cticas en el&nbsp;<strong>campamento<\/strong>&nbsp;que llevaron al estudiante a la muerte.<\/p>\n\n\n\n<p>Ellos dicen que el adolescente fue arrastrado en un terreno de piedras y polvo, por una de las&nbsp;<strong>capitanas<\/strong>&nbsp;de nombre&nbsp;<strong>Mariana<\/strong>. Horas despu\u00e9s el ni\u00f1o se quejaba y ped\u00eda ayuda que nadie le brind\u00f3. As\u00ed permaneci\u00f3 durante todo un d\u00eda, hasta que desmay\u00f3.Seg\u00fan la madre,&nbsp;<strong>Erick<\/strong>&nbsp;presentaba&nbsp;<strong>estallamiento de v\u00edsceras<\/strong>&nbsp;que le provocaron la muerte.En la p\u00e1gina de la&nbsp;<strong>escuela<\/strong>&nbsp;colocaron un comunicado en donde lamentan la&nbsp;<strong>muerte<\/strong>&nbsp;del&nbsp;<strong>Cabo Torbell\u00edn<\/strong>&nbsp;e informan que los encargados del plantel tienen contacto con la madre de la v\u00edctima.<\/p>\n\n\n\n<p>La alcald\u00eda&nbsp;<strong>Cuauht\u00e9moc<\/strong>&nbsp;pidi\u00f3 que el&nbsp;<strong>INVE<\/strong><strong>A<\/strong>&nbsp;investigue a la&nbsp;<strong>escuela<\/strong>&nbsp;que permanece cerrada por la&nbsp;<strong>muerte<\/strong>&nbsp;del menor.<\/p>\n\n\n\n<p><\/p>\n","protected":false},"excerpt":{"rendered":"<p>Un adolescente de 13 a\u00f1os, estudiante de la escuela militarizada Ollin, falleci\u00f3 tras ser presuntamente&#8230;<\/p>\n","protected":false},"author":3,"featured_media":82882,"comment_status":"closed","ping_status":"closed","sticky":false,"template":"","format":"standard","meta":{"footnotes":""},"categories":[4],"tags":[],"class_list":["post-82881","post","type-post","status-publish","format-standard","has-post-thumbnail","hentry","category-noticias-del-dia"],"_links":{"self":[{"href":"https:\/\/bambapolitica.com.mx\/index.php\/wp-json\/wp\/v2\/posts\/82881","targetHints":{"allow":["GET"]}}],"collection":[{"href":"https:\/\/bambapolitica.com.mx\/index.php\/wp-json\/wp\/v2\/posts"}],"about":[{"href":"https:\/\/bambapolitica.com.mx\/index.php\/wp-json\/wp\/v2\/types\/post"}],"author":[{"embeddable":true,"href":"https:\/\/bambapolitica.com.mx\/index.php\/wp-json\/wp\/v2\/users\/3"}],"replies":[{"embeddable":true,"href":"https:\/\/bambapolitica.com.mx\/index.php\/wp-json\/wp\/v2\/comments?post=82881"}],"version-history":[{"count":1,"href":"https:\/\/bambapolitica.com.mx\/index.php\/wp-json\/wp\/v2\/posts\/82881\/revisions"}],"predecessor-version":[{"id":82883,"href":"https:\/\/bambapolitica.com.mx\/index.php\/wp-json\/wp\/v2\/posts\/82881\/revisions\/82883"}],"wp:featuredmedia":[{"embeddable":true,"href":"https:\/\/bambapolitica.com.mx\/index.php\/wp-json\/wp\/v2\/media\/82882"}],"wp:attachment":[{"href":"https:\/\/bambapolitica.com.mx\/index.php\/wp-json\/wp\/v2\/media?parent=82881"}],"wp:term":[{"taxonomy":"category","embeddable":true,"href":"https:\/\/bambapolitica.com.mx\/index.php\/wp-json\/wp\/v2\/categories?post=82881"},{"taxonomy":"post_tag","embeddable":true,"href":"https:\/\/bambapolitica.com.mx\/index.php\/wp-json\/wp\/v2\/tags?post=82881"}],"curies":[{"name":"wp","href":"https:\/\/api.w.org\/{rel}","templated":true}]}}