{"id":82893,"date":"2025-04-30T10:17:13","date_gmt":"2025-04-30T16:17:13","guid":{"rendered":"https:\/\/bambapolitica.com.mx\/?p=82893"},"modified":"2025-04-30T10:17:19","modified_gmt":"2025-04-30T16:17:19","slug":"sheinbaum-quitara-a-ernesto-zedillo-su-pension-vitalicia-pide-investigar-mensualidad-de-143-mil-pesos","status":"publish","type":"post","link":"https:\/\/bambapolitica.com.mx\/index.php\/2025\/04\/30\/sheinbaum-quitara-a-ernesto-zedillo-su-pension-vitalicia-pide-investigar-mensualidad-de-143-mil-pesos\/","title":{"rendered":"\u00bfSheinbaum quitar\u00e1 a Ernesto Zedillo su pensi\u00f3n vitalicia? Pide investigar mensualidad de 143 mil pesos"},"content":{"rendered":"\n<p>Claudia Sheinbaum advirti\u00f3 que pedir\u00e1 al Banco de M\u00e9xico (Banxico) investigar la pensi\u00f3n vitalicia que cobra el expresidente Ernesto Zedillo.<\/p>\n\n\n\n<p>\u00bfLe saldr\u00e1 caro criticar la&nbsp;<a href=\"https:\/\/www.elfinanciero.com.mx\/nacional\/2024\/09\/11\/en-que-consiste-la-reforma-al-poder-judicial-4-puntos-clave-para-entender-la-polemica-propuesta\/\" target=\"_blank\" rel=\"noreferrer noopener\">reforma al Poder Judicial<\/a>? La presidenta Claudia Sheinbaum advirti\u00f3 este martes 29 de abril que pedir\u00e1 al Banco de M\u00e9xico (Banxico) investigar la&nbsp;<strong>pensi\u00f3n vitalicia que cobra el<\/strong>&nbsp;<a href=\"https:\/\/www.elfinanciero.com.mx\/nacional\/2025\/04\/29\/zedillo-responde-a-sheinbaum-tras-criticar-reforma-judicial-dijo-calumnias-e-insultos-no-argumentos\/\" target=\"_blank\" rel=\"noreferrer noopener\">expresidente Ernesto Zedillo<\/a>.<\/p>\n\n\n\n<p>Al ser cuestionada sobre la pensi\u00f3n de 143 mil pesos que recibe el expresidente de M\u00e9xico, Sheinbaum explic\u00f3 que&nbsp;<a href=\"https:\/\/www.elfinanciero.com.mx\/economia\/2025\/04\/28\/le-sobra-un-cambio-banxico-entregara-a-hacienda-remanente-simbolico-de-005-del-pib\/\" target=\"_blank\" rel=\"noreferrer noopener\">Banxico<\/a>&nbsp;tiene el poder de investigar el caso, ya que Ernesto Zedillo trabaj\u00f3 para una empresa&nbsp;<strong>que \u201c\u00e9l benefici\u00f3\u201d cuando fue expresidente.<\/strong><\/p>\n\n\n\n<p>\u201cEl&nbsp;<strong>Banco de M\u00e9xico<\/strong>&nbsp;que nos informe de la&nbsp;<a href=\"https:\/\/www.elfinanciero.com.mx\/mis-finanzas\/2022\/04\/24\/pension-por-renta-vitalicia-estas-son-sus-ventajas-y-desventajas\/\" target=\"_blank\" rel=\"noreferrer noopener\">pensi\u00f3n vitalicia<\/a>, de qui\u00e9n trabaja. No s\u00e9 ahora, \u00bfverdad? Pero trabajaba en una empresa que benefici\u00f3 \u00e9l mismo&#8221;, expres\u00f3 en su conferencia matutina desde Palacio Nacional.<\/p>\n\n\n\n<p>La pol\u00e9mica inici\u00f3, despu\u00e9s de que la periodista Nancy Flores, de Contral\u00ednea, exhibiera una publicaci\u00f3n en la que asegura que el Banco de M\u00e9xico le otorga al\u00a0<a href=\"https:\/\/www.elfinanciero.com.mx\/nacional\/2025\/04\/28\/por-que-zedillo-cambio-su-decision-de-no-hablar-de-politica-de-mexico-eleccion-judicial-es-una-farsa\/\" target=\"_blank\" rel=\"noreferrer noopener\">expriista Zedillo<\/a>\u00a0una \u2018jugosa\u2019 pensi\u00f3n de 143 mil pesos mensuales. Adem\u00e1s, la presidenta de M\u00e9xico se lanz\u00f3 contra el expriista despu\u00e9s de que \u00e9ste criticara la elecci\u00f3n judicial.<\/p>\n\n\n\n<h2 class=\"wp-block-heading\">\u00bfQu\u00e9 le respondi\u00f3 Sheinbaum a Ernesto Zedillo tras criticar la reforma judicial?<\/h2>\n\n\n\n<p>La presidenta&nbsp;<a href=\"https:\/\/www.elfinanciero.com.mx\/nacional\/2025\/04\/29\/sheinbaum-advierte-a-zedillo-que-ventilara-corrupcion-del-fobaproa-no-puede-hablar-tan-impunemente\/\" target=\"_blank\" rel=\"noreferrer noopener\">Claudia Sheinbaum asegur\u00f3 que Ernesto Zedillo<\/a>&nbsp;no tiene derecho a criticar la reforma judicial cuando malvers\u00f3 recursos cuando cre\u00f3 el Fondo Bancario de Protecci\u00f3n al Ahorro Fobaproa (Fobaproa), el cual, dijo, a\u00fan sigue pagando el Estado mexicano.<\/p>\n\n\n\n<p>\u201c<strong>\u00bfQu\u00e9 fue el Fobaproa?<\/strong>&nbsp;\u00bfCu\u00e1nto estamos pagando cada mexicana y mexicano? \u00bfA qui\u00e9n se le dieron recursos que no ten\u00edan nada que ver con alguna afectaci\u00f3n por alg\u00fan incremento de su deuda, sino que realmente fue por influencia? No se puede hablar tan impunemente&#8221;, expres\u00f3 desde Palacio Nacional.<\/p>\n\n\n\n<p>Adem\u00e1s, Sheinbaum record\u00f3 que cuando Zedillo lleg\u00f3 al gobierno, \u201c<strong>avisa a un grupo de empresarios que se va a devaluar el peso<\/strong>. Producto de esto sacan una cantidad de dinero enorme y provoca una crisis a\u00fan mayor de la que de por si hubo ocurrido\u201d.<\/p>\n\n\n\n<p>Por esta raz\u00f3n, dijo, ma\u00f1ana 30 de abril expondr\u00e1 la presunta corrupci\u00f3n del Fobaproa durante el sexenio de Ernesto Zedillo.<\/p>\n\n\n\n<h2 class=\"wp-block-heading\">\u00bfQu\u00e9 le dijo Ernesto Zedillo a Sheinbaum tras llamarlo \u2018palad\u00edn de la democracia\u2019?<\/h2>\n\n\n\n<p>A la par, el&nbsp;<a href=\"https:\/\/www.elfinanciero.com.mx\/nacional\/2025\/04\/28\/claudia-sheinbaum-mananera-temas-hoy-28-de-abril-de-2025-en-vivo\/\" target=\"_blank\" rel=\"noreferrer noopener\">expresidente Ernesto Zedillo<\/a>&nbsp;respondi\u00f3 a las cr\u00edticas que lanz\u00f3 la presidenta Claudia Sheinbaum, a quien asegur\u00f3 que reaccion\u00f3 \u201cexactamente\u201d como lo hac\u00eda su sucesor, el expresidente Andr\u00e9s Manuel L\u00f3pez Obrador, con insultos y no con argumentos.<\/p>\n\n\n\n<p>\u201cLa presidenta Sheinbaum ha reaccionado exactamente de la misma manera a mi art\u00edculo: con&nbsp;<strong>calumnias e insultos<\/strong>, de ninguna manera con argumentos sobre los puntos por un servidor expuestos\u201d, escribi\u00f3 en una carta.<\/p>\n\n\n\n<p>Adem\u00e1s, afirm\u00f3 que la presidenta de M\u00e9xico prefiri\u00f3 recordar \u201clas falsedades que durante muchos<strong>&nbsp;a\u00f1os expres\u00f3 su antecesor (AMLO)&nbsp;<\/strong>como parte de su demagogia para enga\u00f1ar a la gente\u201d.<\/p>\n\n\n\n<p>En el art\u00edculo que public\u00f3\u00a0<strong>Ernesto Zedillo<\/strong>\u00a0<strong>sobre la reforma al Poder Judicia<\/strong>l expresa que \u201cla reforma no ofrece nada que mejore la capacidad del Estado para procurar e impartir justicia\u201d.<\/p>\n\n\n\n<p><\/p>\n","protected":false},"excerpt":{"rendered":"<p>Claudia Sheinbaum advirti\u00f3 que pedir\u00e1 al Banco de M\u00e9xico (Banxico) investigar la pensi\u00f3n vitalicia que&#8230;<\/p>\n","protected":false},"author":3,"featured_media":82894,"comment_status":"closed","ping_status":"closed","sticky":false,"template":"","format":"standard","meta":{"footnotes":""},"categories":[4],"tags":[],"class_list":["post-82893","post","type-post","status-publish","format-standard","has-post-thumbnail","hentry","category-noticias-del-dia"],"_links":{"self":[{"href":"https:\/\/bambapolitica.com.mx\/index.php\/wp-json\/wp\/v2\/posts\/82893","targetHints":{"allow":["GET"]}}],"collection":[{"href":"https:\/\/bambapolitica.com.mx\/index.php\/wp-json\/wp\/v2\/posts"}],"about":[{"href":"https:\/\/bambapolitica.com.mx\/index.php\/wp-json\/wp\/v2\/types\/post"}],"author":[{"embeddable":true,"href":"https:\/\/bambapolitica.com.mx\/index.php\/wp-json\/wp\/v2\/users\/3"}],"replies":[{"embeddable":true,"href":"https:\/\/bambapolitica.com.mx\/index.php\/wp-json\/wp\/v2\/comments?post=82893"}],"version-history":[{"count":1,"href":"https:\/\/bambapolitica.com.mx\/index.php\/wp-json\/wp\/v2\/posts\/82893\/revisions"}],"predecessor-version":[{"id":82895,"href":"https:\/\/bambapolitica.com.mx\/index.php\/wp-json\/wp\/v2\/posts\/82893\/revisions\/82895"}],"wp:featuredmedia":[{"embeddable":true,"href":"https:\/\/bambapolitica.com.mx\/index.php\/wp-json\/wp\/v2\/media\/82894"}],"wp:attachment":[{"href":"https:\/\/bambapolitica.com.mx\/index.php\/wp-json\/wp\/v2\/media?parent=82893"}],"wp:term":[{"taxonomy":"category","embeddable":true,"href":"https:\/\/bambapolitica.com.mx\/index.php\/wp-json\/wp\/v2\/categories?post=82893"},{"taxonomy":"post_tag","embeddable":true,"href":"https:\/\/bambapolitica.com.mx\/index.php\/wp-json\/wp\/v2\/tags?post=82893"}],"curies":[{"name":"wp","href":"https:\/\/api.w.org\/{rel}","templated":true}]}}