{"id":82899,"date":"2025-04-30T11:30:07","date_gmt":"2025-04-30T17:30:07","guid":{"rendered":"https:\/\/bambapolitica.com.mx\/?p=82899"},"modified":"2025-04-30T11:30:11","modified_gmt":"2025-04-30T17:30:11","slug":"violento-inicio-de-campanas-en-veracruz-candidato-de-morena-en-coxquihui-muere-tras-ser-baleado","status":"publish","type":"post","link":"https:\/\/bambapolitica.com.mx\/index.php\/2025\/04\/30\/violento-inicio-de-campanas-en-veracruz-candidato-de-morena-en-coxquihui-muere-tras-ser-baleado\/","title":{"rendered":"Violento inicio de campa\u00f1as en Veracruz, candidato de Morena en Coxquihui muere tras ser baleado"},"content":{"rendered":"\n<p>*Hombres armados atacaron su casa de campa\u00f1a lesion\u00e1ndolo con arma de fuego y muere minutos despu\u00e9s en el hospital<\/p>\n\n\n\n<p>Yhadira Paredes<\/p>\n\n\n\n<p>Xalapa, Ver.- En su arranque de campa\u00f1a fue baleado el candidato de Morena a la alcald\u00eda de Coxquihui, municipio ubicado al norte de Veracruz, Germ\u00e1n Anuar Valencia, quien minutos despu\u00e9s falleci\u00f3 en el Hospital de Entabladero a consecuencia de sus heridas.<\/p>\n\n\n\n<p>A pesar de que las autoridades de Veracruz acababan de asegurar que estaban dadas las condiciones de seguridad para el proceso de campa\u00f1as en los 212 municipios, este hecho violento mancha el mismo.<\/p>\n\n\n\n<p>Los primeros reportes indican que el aspirante morenistas a la alcald\u00eda fue atacado por sujetos desconocidos en su casa de campa\u00f1a, previo a salir a su evento de arranque en la comunidad Arenal.<\/p>\n\n\n\n<p>La agresi\u00f3n se registr\u00f3 en el primer d\u00eda de campa\u00f1as pol\u00edticas del proceso electoral 2025, cuando se reun\u00eda con simpatizantes que le acompa\u00f1ar\u00edan al recorrido como parte del arranque del proselitismo.<\/p>\n\n\n\n<p>Hombres armados llegaron al lugar y comenzaron a disparar, lesionando al candidato, as\u00ed como a tres personas m\u00e1s.<\/p>\n\n\n\n<p>Los cuatro lesionados fueron trasladadas al hospital de Entabladero, del municipio de Espina, donde minutos despu\u00e9s se report\u00f3 que el candidato no habr\u00eda fallecido a consecuencia de sus lesiones.<\/p>\n","protected":false},"excerpt":{"rendered":"<p>*Hombres armados atacaron su casa de campa\u00f1a lesion\u00e1ndolo con arma de fuego y muere minutos&#8230;<\/p>\n","protected":false},"author":3,"featured_media":82900,"comment_status":"closed","ping_status":"closed","sticky":false,"template":"","format":"standard","meta":{"footnotes":""},"categories":[4],"tags":[],"class_list":["post-82899","post","type-post","status-publish","format-standard","has-post-thumbnail","hentry","category-noticias-del-dia"],"_links":{"self":[{"href":"https:\/\/bambapolitica.com.mx\/index.php\/wp-json\/wp\/v2\/posts\/82899","targetHints":{"allow":["GET"]}}],"collection":[{"href":"https:\/\/bambapolitica.com.mx\/index.php\/wp-json\/wp\/v2\/posts"}],"about":[{"href":"https:\/\/bambapolitica.com.mx\/index.php\/wp-json\/wp\/v2\/types\/post"}],"author":[{"embeddable":true,"href":"https:\/\/bambapolitica.com.mx\/index.php\/wp-json\/wp\/v2\/users\/3"}],"replies":[{"embeddable":true,"href":"https:\/\/bambapolitica.com.mx\/index.php\/wp-json\/wp\/v2\/comments?post=82899"}],"version-history":[{"count":1,"href":"https:\/\/bambapolitica.com.mx\/index.php\/wp-json\/wp\/v2\/posts\/82899\/revisions"}],"predecessor-version":[{"id":82901,"href":"https:\/\/bambapolitica.com.mx\/index.php\/wp-json\/wp\/v2\/posts\/82899\/revisions\/82901"}],"wp:featuredmedia":[{"embeddable":true,"href":"https:\/\/bambapolitica.com.mx\/index.php\/wp-json\/wp\/v2\/media\/82900"}],"wp:attachment":[{"href":"https:\/\/bambapolitica.com.mx\/index.php\/wp-json\/wp\/v2\/media?parent=82899"}],"wp:term":[{"taxonomy":"category","embeddable":true,"href":"https:\/\/bambapolitica.com.mx\/index.php\/wp-json\/wp\/v2\/categories?post=82899"},{"taxonomy":"post_tag","embeddable":true,"href":"https:\/\/bambapolitica.com.mx\/index.php\/wp-json\/wp\/v2\/tags?post=82899"}],"curies":[{"name":"wp","href":"https:\/\/api.w.org\/{rel}","templated":true}]}}