{"id":82902,"date":"2025-04-30T13:48:14","date_gmt":"2025-04-30T19:48:14","guid":{"rendered":"https:\/\/bambapolitica.com.mx\/?p=82902"},"modified":"2025-04-30T13:49:35","modified_gmt":"2025-04-30T19:49:35","slug":"gobierno-de-texcoco-entrego-obras-por-mas-de-dos-millones-de-pesos-en-los-reyes-san-salvador","status":"publish","type":"post","link":"https:\/\/bambapolitica.com.mx\/index.php\/2025\/04\/30\/gobierno-de-texcoco-entrego-obras-por-mas-de-dos-millones-de-pesos-en-los-reyes-san-salvador\/","title":{"rendered":"GOBIERNO DE TEXCOCO ENTREG\u00d3 OBRAS POR M\u00c1S DE DOS MILLONES DE PESOS EN LOS REYES SAN SALVADOR"},"content":{"rendered":"\n<p>Alcalde de Texcoco agradeci\u00f3 a autoridades auxiliares anteriores comprometi\u00e9ndose a trabajar con las actuales<\/p>\n\n\n\n<p>\u2022 Se entregaron trabajos de rehabilitaci\u00f3n de Centro Comunitario y de la calle Emiliano Zapata<\/p>\n\n\n\n<p>Para dignificar a los ciudadanos en el bienestar y la transformaci\u00f3n de su entorno, el Gobierno Municipal de Texcoco hizo entrega de obras en la zona norte, este municipio, con una inversi\u00f3n de m\u00e1s de dos millones de pesos.<br>El presidente municipal de Texcoco Nazario Guti\u00e9rrez Mart\u00ednez cort\u00f3 el list\u00f3n de inauguraci\u00f3n junto con las autoridades auxiliares de Los Reyes San Salvador.<br>En la primera el primer punto el gobierno hizo entrega de la rehabilitaci\u00f3n del centro comunitario Los Reyes San Salvador y la rehabilitaci\u00f3n de la calle Emiliano Zapata con una inversi\u00f3n total de 2 millones 374 mil 038.31 pesos.<br>El presidente municipal de Texcoco, Nazario Guti\u00e9rrez Mart\u00ednez reconoci\u00f3 a la delegaci\u00f3n pasada por su entrega, dedicaci\u00f3n y la gesti\u00f3n realizada para la entrega de las obras, y a las actuales les dijo ya nos tocar\u00e1 trabajar con ustedes.<br>El alcalde texcocano, Nazario Guti\u00e9rrez Mart\u00ednez present\u00f3 a su gabinete t\u00e9cnico que lo acompa\u00f1a en todos los eventos para lo que se ofrezca, as\u00ed como a los regidores, que son quienes van a aprobar el paquete de trabajo, a la presidenta del DIF encargada de la parte noble del gobierno, \u201ctodos venimos a ponernos a sus ordenes, vamos a trabajar con ustedes\u201d, les dijo.<br>El Director de obras p\u00fablicas Miguel \u00c1ngel Olivares inform\u00f3 que los trabajos que se ejecutaron para la rehabilitaci\u00f3n del Centro Comunitario Los Reyes San Salvador fue de 620.00 M2 de limpieza de barda perimetral, aplanado y pintura, almac\u00e9n, cimentaci\u00f3n, castillos, muros pisos y pintura, 24.00 M2 de losa de concreto hidr\u00e1ulico de 10.00 cm de espesor, se colocaron 2 puertas, 2 ventanas, 4 luminarias y un espacio para enfermer\u00eda, port\u00f3n en la entrada, techumbre, 17 reflectores led de 150 watts con una inversi\u00f3n de 1 mill\u00f3n 197 mil 809.30 pesos.<br>Para la calle Emiliano Zapata fueron 306.00 ml de guarnici\u00f3n, 177.00 m2 de banqueta, 950.00 m2 de concreto hidr\u00e1ulico, 6 ml de reductores de velocidad, aplicaci\u00f3n de pintura, guarniciones, pasos peatonales y l\u00ednea divisoria con un costo de 1 mill\u00f3n 176 mil 229.01 pesos.<br>En el evento estuvieron presentes los integrantes del club de la tercera edad de los Reyes San Salvador, directores de las diferentes \u00e1reas del gobierno, as\u00ed como las autoridades auxiliares salientes.<\/p>\n","protected":false},"excerpt":{"rendered":"<p>Alcalde de Texcoco agradeci\u00f3 a autoridades auxiliares anteriores comprometi\u00e9ndose a trabajar con las actuales \u2022&#8230;<\/p>\n","protected":false},"author":3,"featured_media":82903,"comment_status":"closed","ping_status":"closed","sticky":false,"template":"","format":"standard","meta":{"footnotes":""},"categories":[4],"tags":[],"class_list":["post-82902","post","type-post","status-publish","format-standard","has-post-thumbnail","hentry","category-noticias-del-dia"],"_links":{"self":[{"href":"https:\/\/bambapolitica.com.mx\/index.php\/wp-json\/wp\/v2\/posts\/82902","targetHints":{"allow":["GET"]}}],"collection":[{"href":"https:\/\/bambapolitica.com.mx\/index.php\/wp-json\/wp\/v2\/posts"}],"about":[{"href":"https:\/\/bambapolitica.com.mx\/index.php\/wp-json\/wp\/v2\/types\/post"}],"author":[{"embeddable":true,"href":"https:\/\/bambapolitica.com.mx\/index.php\/wp-json\/wp\/v2\/users\/3"}],"replies":[{"embeddable":true,"href":"https:\/\/bambapolitica.com.mx\/index.php\/wp-json\/wp\/v2\/comments?post=82902"}],"version-history":[{"count":1,"href":"https:\/\/bambapolitica.com.mx\/index.php\/wp-json\/wp\/v2\/posts\/82902\/revisions"}],"predecessor-version":[{"id":82904,"href":"https:\/\/bambapolitica.com.mx\/index.php\/wp-json\/wp\/v2\/posts\/82902\/revisions\/82904"}],"wp:featuredmedia":[{"embeddable":true,"href":"https:\/\/bambapolitica.com.mx\/index.php\/wp-json\/wp\/v2\/media\/82903"}],"wp:attachment":[{"href":"https:\/\/bambapolitica.com.mx\/index.php\/wp-json\/wp\/v2\/media?parent=82902"}],"wp:term":[{"taxonomy":"category","embeddable":true,"href":"https:\/\/bambapolitica.com.mx\/index.php\/wp-json\/wp\/v2\/categories?post=82902"},{"taxonomy":"post_tag","embeddable":true,"href":"https:\/\/bambapolitica.com.mx\/index.php\/wp-json\/wp\/v2\/tags?post=82902"}],"curies":[{"name":"wp","href":"https:\/\/api.w.org\/{rel}","templated":true}]}}