{"id":82906,"date":"2025-04-30T18:11:29","date_gmt":"2025-05-01T00:11:29","guid":{"rendered":"https:\/\/bambapolitica.com.mx\/?p=82906"},"modified":"2025-04-30T18:11:33","modified_gmt":"2025-05-01T00:11:33","slug":"el-municipio-de-la-paz-brinda-proteccion-a-los-infantes","status":"publish","type":"post","link":"https:\/\/bambapolitica.com.mx\/index.php\/2025\/04\/30\/el-municipio-de-la-paz-brinda-proteccion-a-los-infantes\/","title":{"rendered":"El Municipio de La Paz Brinda, Protecci\u00f3n a los Infantes"},"content":{"rendered":"\n<ul class=\"wp-block-list\">\n<li>Las Ni\u00f1as, Ni\u00f1os y Adolescentes podr\u00e1n expresarse<\/li>\n\n\n\n<li>El Gobierno de La Paz Apoya de los Infantes<\/li>\n<\/ul>\n\n\n\n<p>La Paz, Edomex.- A fin de que las Ni\u00f1as, Ni\u00f1os y Adolescentes puedan expresar sus inquietudes, o si son maltratados f\u00edsica o verbalmente, el Gobierno local, instal\u00f3 dos Buzones de Consulta Infantil y Adolescente.<\/p>\n\n\n\n<p>A nombre de la presidenta municipal, Martha Guerrero S\u00e1nchez el Secretario del H. Ayuntamiento, Sotero Vergara Ben\u00edtez, se\u00f1al\u00f3 que mientras un buz\u00f3n quedar\u00e1 instalado en la entrada del Palacio Local, el otro se queda en las Instalaciones del DIF.<\/p>\n\n\n\n<p>Dichas cajas receptoras se ponen en estas fechas del D\u00eda del Ni\u00f1o y es en coordinaci\u00f3n con el Sistema Municipal de Protecci\u00f3n Integral de los Derechos de Ni\u00f1as, Ni\u00f1os y Adolescentes (SIPINNA) y esto es a nivel estatal.<\/p>\n\n\n\n<p>En estos buzones los ni\u00f1@s y adolescentes podr\u00e1n expresarse libremente y dichas quejas o peticiones ser\u00e1n atendidas de inmediato, ello con el fin de lograr atender cada caso que denuncien los menores.<\/p>\n\n\n\n<p>En diversas ocasiones la alcaldesa Guerrero S\u00e1nchez ha manifestado que muchos de los casos cuando un menor es violentado se queda cayado o cambia de actitud a cada rato, por lo cual es necesario este tipo de canales de comunicaci\u00f3n.<\/p>\n\n\n\n<p>&#8221; Cuando hay problemas o agresiones contra una persona adulta se pone una denuncia penal, sin embargo cuando es un ni\u00f1@ , los tutores se oponen o no quieren apoyar al infante.<\/p>\n\n\n\n<p>Finalmente coment\u00f3 que para el gobierno municipal debe haber una atenci\u00f3n a los ni\u00f1os y Ni\u00f1as, dijo el Secretario Otero Vergara.<\/p>\n","protected":false},"excerpt":{"rendered":"<p>La Paz, Edomex.- A fin de que las Ni\u00f1as, Ni\u00f1os y Adolescentes puedan expresar sus&#8230;<\/p>\n","protected":false},"author":3,"featured_media":82907,"comment_status":"closed","ping_status":"closed","sticky":false,"template":"","format":"standard","meta":{"footnotes":""},"categories":[4],"tags":[],"class_list":["post-82906","post","type-post","status-publish","format-standard","has-post-thumbnail","hentry","category-noticias-del-dia"],"_links":{"self":[{"href":"https:\/\/bambapolitica.com.mx\/index.php\/wp-json\/wp\/v2\/posts\/82906","targetHints":{"allow":["GET"]}}],"collection":[{"href":"https:\/\/bambapolitica.com.mx\/index.php\/wp-json\/wp\/v2\/posts"}],"about":[{"href":"https:\/\/bambapolitica.com.mx\/index.php\/wp-json\/wp\/v2\/types\/post"}],"author":[{"embeddable":true,"href":"https:\/\/bambapolitica.com.mx\/index.php\/wp-json\/wp\/v2\/users\/3"}],"replies":[{"embeddable":true,"href":"https:\/\/bambapolitica.com.mx\/index.php\/wp-json\/wp\/v2\/comments?post=82906"}],"version-history":[{"count":1,"href":"https:\/\/bambapolitica.com.mx\/index.php\/wp-json\/wp\/v2\/posts\/82906\/revisions"}],"predecessor-version":[{"id":82908,"href":"https:\/\/bambapolitica.com.mx\/index.php\/wp-json\/wp\/v2\/posts\/82906\/revisions\/82908"}],"wp:featuredmedia":[{"embeddable":true,"href":"https:\/\/bambapolitica.com.mx\/index.php\/wp-json\/wp\/v2\/media\/82907"}],"wp:attachment":[{"href":"https:\/\/bambapolitica.com.mx\/index.php\/wp-json\/wp\/v2\/media?parent=82906"}],"wp:term":[{"taxonomy":"category","embeddable":true,"href":"https:\/\/bambapolitica.com.mx\/index.php\/wp-json\/wp\/v2\/categories?post=82906"},{"taxonomy":"post_tag","embeddable":true,"href":"https:\/\/bambapolitica.com.mx\/index.php\/wp-json\/wp\/v2\/tags?post=82906"}],"curies":[{"name":"wp","href":"https:\/\/api.w.org\/{rel}","templated":true}]}}