{"id":82909,"date":"2025-05-02T09:40:05","date_gmt":"2025-05-02T15:40:05","guid":{"rendered":"https:\/\/bambapolitica.com.mx\/?p=82909"},"modified":"2025-05-02T09:40:08","modified_gmt":"2025-05-02T15:40:08","slug":"con-mas-de-15-mil-asistentes-festejaron-el-dia-del-nino-en-la-feria-del-caballo-de-texcoco","status":"publish","type":"post","link":"https:\/\/bambapolitica.com.mx\/index.php\/2025\/05\/02\/con-mas-de-15-mil-asistentes-festejaron-el-dia-del-nino-en-la-feria-del-caballo-de-texcoco\/","title":{"rendered":"CON M\u00c1S DE 15 MIL ASISTENTES FESTEJARON EL D\u00cdA DEL NI\u00d1O EN LA FERIA DEL CABALLO DE TEXCOCO"},"content":{"rendered":"\n<p>En un evento gratuito para toda la familia, se ofrecieron juegos, golosinas y un gran espect\u00e1culo para festejar a los m\u00e1s peque\u00f1os del hogar<\/p>\n\n\n\n<p>\u2022 Ni\u00f1os texcocanos y de municipios vecinos disfrutaron del festejo este 30 de abril<\/p>\n\n\n\n<p>La fiesta de los ni\u00f1os se vivi\u00f3 el pasado mi\u00e9rcoles en las instalaciones de la Feria del caballo, en donde entre juegos mec\u00e1nicos, artistas, adopciones caninas y m\u00faltiples sorpresas se festej\u00f3 a los ni\u00f1os en su d\u00eda, con m\u00e1s de 15 mil asistentes.<\/p>\n\n\n\n<p>En un evento que comenz\u00f3 a las 10 horas, permiti\u00f3 dar la bienvenida a los ni\u00f1os con sus familias, quienes pudieron disfrutar de una veintena de juego mec\u00e1nicos gratuitos, la granja interactiva de la Universidad Aut\u00f3noma de Chapingo, paseo en ponis, as\u00ed como la interacci\u00f3n con perritos que se ofrecieron en adopci\u00f3n en este espacio.<\/p>\n\n\n\n<p>Desde el acceso a los ni\u00f1os se les entreg\u00f3 una pulsera con acceso a todos los juegos mec\u00e1nicos, agua de sabor, palomitas, bolsa de frituras, un elote cocido y un juguete.<\/p>\n\n\n\n<p>Mientras en el teatro del pueblo los ni\u00f1os disfrutaron de un espect\u00e1culo art\u00edstico, en donde adultos mayores presentaron un homenaje a Francisco Gabilondo Soler \u201cCri-cri\u201d, tambi\u00e9n conocido como \u201cEl Grillito Cantor\u201d, quienes dieron vida a sus interpretaciones recordando la maravillosa infancia que hizo vivir a las generaciones mexicana.<\/p>\n\n\n\n<p>Tambi\u00e9n se present\u00f3 la agrupaci\u00f3n infantil \u201cYucat\u00e1n Go Go\u201d, as\u00ed como los payasitos \u201cChilin y Pikin\u201d, quienes en su show transmitieron un mensaje positivo de unidad, amor y amistad a los asistentes.<\/p>\n\n\n\n<p>As\u00ed transcurri\u00f3 el d\u00eda para los m\u00e1s de 15 mil asistentes a las instalaciones a la feria del caballo, en un evento familiar, aderezado con frescas agua de tamarindo, lim\u00f3n con ch\u00eda, horchata, Jamaica, mango, paletas de hielo, chicharrones, trozos de alegr\u00edas con amaranto, para todas las familias que acudieron a disfrutar de este festival.<br>Al cierre de este evento organizado por el Sistema Municipal para el Desarrollo Integral de la Familia (DIF) de Texcoco y el Gobierno Municipal de Texcoco se hizo entrega de los premios a peque\u00f1os talentos del canto y la m\u00fasica, as\u00ed como de los ni\u00f1os que participaron en el concurso de dibujo infantil.<\/p>\n\n\n\n<p>Entre ellos una bicicleta para los tres primeros lugares del concurso de dibujo infantil, de nivel preescolar y primaria, as\u00ed como una abocina inteligente a los participantes en el concurso de talentos, con lo que se motiva la participaci\u00f3n y desarrollo de las ni\u00f1as y ni\u00f1os texcocanos.<\/p>\n\n\n\n<p>Al realizar la premiaci\u00f3n la Presidenta del DIF de Texcoco Yesenia Armas Tob\u00f3n, agradeci\u00f3 el trabajo en equipo realizado en el \u00e1rea a su cargo, as\u00ed como los apoyos recibidos.<\/p>\n\n\n\n<p>Mientras que el Presidente Municipal Nazario Guti\u00e9rrez Mart\u00ednez felicit\u00f3 a los ni\u00f1os en su d\u00eda, se\u00f1alando que el mejor regalo es poder brindarle momentos amorosos de paz y armon\u00eda que les arranquen muchas sonrisas, porque ese es el motor de nuestros corazones.<\/p>\n\n\n\n<p>Agradeci\u00f3 el apoyo del patronato de la Feria del Caballo, de los due\u00f1os de los juegos mec\u00e1nicos, a los grupos de la tercera edad, a la Universidad Aut\u00f3noma de Chapingo, de los transportistas que desde el jard\u00edn municipal trasladaron a las familias a la feria, as\u00ed como a los padres de familias por acercar a sus hijos a este evento de convivencia familias, porque este es el mejor regalo para un ni\u00f1o.<\/p>\n","protected":false},"excerpt":{"rendered":"<p>En un evento gratuito para toda la familia, se ofrecieron juegos, golosinas y un gran&#8230;<\/p>\n","protected":false},"author":3,"featured_media":82911,"comment_status":"closed","ping_status":"closed","sticky":false,"template":"","format":"standard","meta":{"footnotes":""},"categories":[4],"tags":[],"class_list":["post-82909","post","type-post","status-publish","format-standard","has-post-thumbnail","hentry","category-noticias-del-dia"],"_links":{"self":[{"href":"https:\/\/bambapolitica.com.mx\/index.php\/wp-json\/wp\/v2\/posts\/82909","targetHints":{"allow":["GET"]}}],"collection":[{"href":"https:\/\/bambapolitica.com.mx\/index.php\/wp-json\/wp\/v2\/posts"}],"about":[{"href":"https:\/\/bambapolitica.com.mx\/index.php\/wp-json\/wp\/v2\/types\/post"}],"author":[{"embeddable":true,"href":"https:\/\/bambapolitica.com.mx\/index.php\/wp-json\/wp\/v2\/users\/3"}],"replies":[{"embeddable":true,"href":"https:\/\/bambapolitica.com.mx\/index.php\/wp-json\/wp\/v2\/comments?post=82909"}],"version-history":[{"count":1,"href":"https:\/\/bambapolitica.com.mx\/index.php\/wp-json\/wp\/v2\/posts\/82909\/revisions"}],"predecessor-version":[{"id":82912,"href":"https:\/\/bambapolitica.com.mx\/index.php\/wp-json\/wp\/v2\/posts\/82909\/revisions\/82912"}],"wp:featuredmedia":[{"embeddable":true,"href":"https:\/\/bambapolitica.com.mx\/index.php\/wp-json\/wp\/v2\/media\/82911"}],"wp:attachment":[{"href":"https:\/\/bambapolitica.com.mx\/index.php\/wp-json\/wp\/v2\/media?parent=82909"}],"wp:term":[{"taxonomy":"category","embeddable":true,"href":"https:\/\/bambapolitica.com.mx\/index.php\/wp-json\/wp\/v2\/categories?post=82909"},{"taxonomy":"post_tag","embeddable":true,"href":"https:\/\/bambapolitica.com.mx\/index.php\/wp-json\/wp\/v2\/tags?post=82909"}],"curies":[{"name":"wp","href":"https:\/\/api.w.org\/{rel}","templated":true}]}}