{"id":82926,"date":"2025-05-02T10:08:49","date_gmt":"2025-05-02T16:08:49","guid":{"rendered":"https:\/\/bambapolitica.com.mx\/?p=82926"},"modified":"2025-05-02T10:08:53","modified_gmt":"2025-05-02T16:08:53","slug":"hombre-sin-ropa-muere-atropellado-en-la-lecheria-texcoco-por-que-deambulaba-en-la-carretera","status":"publish","type":"post","link":"https:\/\/bambapolitica.com.mx\/index.php\/2025\/05\/02\/hombre-sin-ropa-muere-atropellado-en-la-lecheria-texcoco-por-que-deambulaba-en-la-carretera\/","title":{"rendered":"Hombre sin ropa muere atropellado en la Lecher\u00eda-Texcoco, \u00bfpor qu\u00e9 deambulaba en la carretera?"},"content":{"rendered":"\n<p>Su familia comenz\u00f3 a buscarlo al amanecer y al enterarse del hombre atropellado en la Lecher\u00eda-Texcoco acudieron al punto, donde reconocieron el cad\u00e1ver<\/p>\n\n\n\n<p>Un hombre completamente desnudo fue atropellado y perdi\u00f3 la vida en la&nbsp;<a href=\"https:\/\/www.elgrafico.mx\/\">carretera federal Lecher\u00eda-Texcoco<\/a>, en el per\u00edmetro del municipio de Acolman.<\/p>\n\n\n\n<p>Seg\u00fan los reportes preliminares, el peat\u00f3n deambulaba sin ropa ni zapatos por la carretera la ma\u00f1ana de este jueves feriado, a la altura de la<a href=\"https:\/\/www.elgrafico.mx\/la-roja\/\">&nbsp;Termoel\u00e9ctrica de Tepexpan.<\/a><\/p>\n\n\n\n<p>El hombre, de unos 30 a\u00f1os, se cruz\u00f3 entre los carros que circulaban por los carriles con direcci\u00f3n a la&nbsp;<a href=\"https:\/\/www.eluniversal.com.mx\/\">Central del Abasto de Ecatepec<\/a>&nbsp;y un automovilista no logr\u00f3 esquivarlo.<\/p>\n\n\n\n<p>El individuo desnudo fue arrollado y termin\u00f3 tendido en el asfalto, a d\u00f3nde llegaron param\u00e9dicos, quienes confirmaron que no presentaba signos vitales tras los golpes al ser embestido.<\/p>\n\n\n\n<p>Polic\u00edas municipales de Ecatepec resguardaron el cuerpo colocando algunas llantas para abanderar el sitio y evitar que otros veh\u00edculos pasaran por encima del cuerpo, mientras acud\u00edan los servicios periciales.<\/p>\n\n\n\n<p>En un principio, los testigos y oficiales creyeron que la v\u00edctima de atropellamiento era un hombre en situaci\u00f3n vulnerable, ya que no estaba vestido y ten\u00eda en cabello largo.<\/p>\n\n\n\n<p>Sin embargo, trascendi\u00f3 que podr\u00eda tratarse de un joven identificado como Emilio, de 29 a\u00f1os, quien padec\u00eda de sus facultades mentales y en la madrugada de este D\u00eda del Trabajo sali\u00f3 desorientado de su casa, en la localidad de Tepexpan.<\/p>\n\n\n\n<p>En alg\u00fan momento, se quit\u00f3 toda la ropa y anduvo a la orilla de la carretera hasta que se atraves\u00f3. El automovilista que no arroll\u00f3 se detuvo y fue llevado al Ministerio P\u00fablico para deslindar responsabilidades.<\/p>\n\n\n\n<p>Su familia comenz\u00f3 a buscarlo al amanecer y al enterarse del hombre atropellado en la Lecher\u00eda-Texcoco acudieron al punto, donde reconocieron el cad\u00e1ver.<\/p>\n","protected":false},"excerpt":{"rendered":"<p>Su familia comenz\u00f3 a buscarlo al amanecer y al enterarse del hombre atropellado en la&#8230;<\/p>\n","protected":false},"author":3,"featured_media":82927,"comment_status":"closed","ping_status":"closed","sticky":false,"template":"","format":"standard","meta":{"footnotes":""},"categories":[4],"tags":[],"class_list":["post-82926","post","type-post","status-publish","format-standard","has-post-thumbnail","hentry","category-noticias-del-dia"],"_links":{"self":[{"href":"https:\/\/bambapolitica.com.mx\/index.php\/wp-json\/wp\/v2\/posts\/82926","targetHints":{"allow":["GET"]}}],"collection":[{"href":"https:\/\/bambapolitica.com.mx\/index.php\/wp-json\/wp\/v2\/posts"}],"about":[{"href":"https:\/\/bambapolitica.com.mx\/index.php\/wp-json\/wp\/v2\/types\/post"}],"author":[{"embeddable":true,"href":"https:\/\/bambapolitica.com.mx\/index.php\/wp-json\/wp\/v2\/users\/3"}],"replies":[{"embeddable":true,"href":"https:\/\/bambapolitica.com.mx\/index.php\/wp-json\/wp\/v2\/comments?post=82926"}],"version-history":[{"count":1,"href":"https:\/\/bambapolitica.com.mx\/index.php\/wp-json\/wp\/v2\/posts\/82926\/revisions"}],"predecessor-version":[{"id":82928,"href":"https:\/\/bambapolitica.com.mx\/index.php\/wp-json\/wp\/v2\/posts\/82926\/revisions\/82928"}],"wp:featuredmedia":[{"embeddable":true,"href":"https:\/\/bambapolitica.com.mx\/index.php\/wp-json\/wp\/v2\/media\/82927"}],"wp:attachment":[{"href":"https:\/\/bambapolitica.com.mx\/index.php\/wp-json\/wp\/v2\/media?parent=82926"}],"wp:term":[{"taxonomy":"category","embeddable":true,"href":"https:\/\/bambapolitica.com.mx\/index.php\/wp-json\/wp\/v2\/categories?post=82926"},{"taxonomy":"post_tag","embeddable":true,"href":"https:\/\/bambapolitica.com.mx\/index.php\/wp-json\/wp\/v2\/tags?post=82926"}],"curies":[{"name":"wp","href":"https:\/\/api.w.org\/{rel}","templated":true}]}}