{"id":82938,"date":"2025-05-02T18:14:12","date_gmt":"2025-05-03T00:14:12","guid":{"rendered":"https:\/\/bambapolitica.com.mx\/?p=82938"},"modified":"2025-05-02T18:14:17","modified_gmt":"2025-05-03T00:14:17","slug":"muere-fidel-herrera-beltran-exgobernador-de-veracruz","status":"publish","type":"post","link":"https:\/\/bambapolitica.com.mx\/index.php\/2025\/05\/02\/muere-fidel-herrera-beltran-exgobernador-de-veracruz\/","title":{"rendered":"Muere Fidel Herrera Beltr\u00e1n, Exgobernador de Veracruz"},"content":{"rendered":"\n<p>Fallece Exgobernador de Veracruz a los 76 A\u00f1os de Edad.<\/p>\n\n\n\n<p>Fidel Herrera Beltr\u00e1n, exgobernador de Veracruz, falleci\u00f3 a la edad de 76 a\u00f1os. Manuel Velasco, exmandatario de Chiapas, dio a conocer la noticia en sus redes sociales, quien describi\u00f3 a Herrera Beltr\u00e1n como:<\/p>\n\n\n\n<p>hombre cabal y figura pol\u00edtica excepcional que sirvi\u00f3 a M\u00e9xico con pasi\u00f3n<br>El senador del Partido Verde lament\u00f3 la muerte de su &#8220;gran amigo&#8221;.<\/p>\n\n\n\n<figure class=\"wp-block-gallery has-nested-images columns-default is-cropped wp-block-gallery-1 is-layout-flex wp-block-gallery-is-layout-flex\">\n<figure class=\"wp-block-image size-large\"><img loading=\"lazy\" decoding=\"async\" width=\"1024\" height=\"519\" data-id=\"82939\" src=\"https:\/\/bambapolitica.com.mx\/wp-content\/uploads\/2025\/05\/IMG_3205-1024x519.jpeg\" alt=\"\" class=\"wp-image-82939\" srcset=\"https:\/\/bambapolitica.com.mx\/wp-content\/uploads\/2025\/05\/IMG_3205-1024x519.jpeg 1024w, https:\/\/bambapolitica.com.mx\/wp-content\/uploads\/2025\/05\/IMG_3205-300x152.jpeg 300w, https:\/\/bambapolitica.com.mx\/wp-content\/uploads\/2025\/05\/IMG_3205-768x389.jpeg 768w, https:\/\/bambapolitica.com.mx\/wp-content\/uploads\/2025\/05\/IMG_3205.jpeg 1080w\" sizes=\"auto, (max-width: 1024px) 100vw, 1024px\" \/><\/figure>\n<\/figure>\n","protected":false},"excerpt":{"rendered":"<p>Fallece Exgobernador de Veracruz a los 76 A\u00f1os de Edad. Fidel Herrera Beltr\u00e1n, exgobernador de&#8230;<\/p>\n","protected":false},"author":3,"featured_media":0,"comment_status":"closed","ping_status":"closed","sticky":false,"template":"","format":"standard","meta":{"footnotes":""},"categories":[4],"tags":[],"class_list":["post-82938","post","type-post","status-publish","format-standard","hentry","category-noticias-del-dia"],"_links":{"self":[{"href":"https:\/\/bambapolitica.com.mx\/index.php\/wp-json\/wp\/v2\/posts\/82938","targetHints":{"allow":["GET"]}}],"collection":[{"href":"https:\/\/bambapolitica.com.mx\/index.php\/wp-json\/wp\/v2\/posts"}],"about":[{"href":"https:\/\/bambapolitica.com.mx\/index.php\/wp-json\/wp\/v2\/types\/post"}],"author":[{"embeddable":true,"href":"https:\/\/bambapolitica.com.mx\/index.php\/wp-json\/wp\/v2\/users\/3"}],"replies":[{"embeddable":true,"href":"https:\/\/bambapolitica.com.mx\/index.php\/wp-json\/wp\/v2\/comments?post=82938"}],"version-history":[{"count":1,"href":"https:\/\/bambapolitica.com.mx\/index.php\/wp-json\/wp\/v2\/posts\/82938\/revisions"}],"predecessor-version":[{"id":82940,"href":"https:\/\/bambapolitica.com.mx\/index.php\/wp-json\/wp\/v2\/posts\/82938\/revisions\/82940"}],"wp:attachment":[{"href":"https:\/\/bambapolitica.com.mx\/index.php\/wp-json\/wp\/v2\/media?parent=82938"}],"wp:term":[{"taxonomy":"category","embeddable":true,"href":"https:\/\/bambapolitica.com.mx\/index.php\/wp-json\/wp\/v2\/categories?post=82938"},{"taxonomy":"post_tag","embeddable":true,"href":"https:\/\/bambapolitica.com.mx\/index.php\/wp-json\/wp\/v2\/tags?post=82938"}],"curies":[{"name":"wp","href":"https:\/\/api.w.org\/{rel}","templated":true}]}}