{"id":83010,"date":"2025-05-08T11:50:02","date_gmt":"2025-05-08T17:50:02","guid":{"rendered":"https:\/\/bambapolitica.com.mx\/?p=83010"},"modified":"2025-05-08T11:50:09","modified_gmt":"2025-05-08T17:50:09","slug":"habemus-papam-robert-prevost-es-el-nuevo-papa-leon-xiv","status":"publish","type":"post","link":"https:\/\/bambapolitica.com.mx\/index.php\/2025\/05\/08\/habemus-papam-robert-prevost-es-el-nuevo-papa-leon-xiv\/","title":{"rendered":"Habemus papam! Robert Prevost es el nuevo Papa Le\u00f3n XIV"},"content":{"rendered":"\n<p>Despu\u00e9s de la fumata blanca en el Vaticano, el nuevo Papa ha sido presentado en la Plaza de San Pedro frente a miles de personas que aguardaban por la noticia del pr\u00f3ximo Sumo Pont\u00edfice.<\/p>\n\n\n\n<p>La elecci\u00f3n de<strong>&nbsp;<\/strong>Robert Francis Prevost Mart\u00ednez como el nuevo Papa ya ha sido dada a conocer de manera p\u00fablica, luego de la votaci\u00f3n que se realiz\u00f3 en el protocolo de la Iglesia llamado&nbsp;<strong>c\u00f3nclave<\/strong>, el cual se realiz\u00f3 desde el pasado 7 de mayo en la Capilla Sixtina. Con el tradicional&nbsp;<em><strong>&#8220;habemus papam! Eminentissimum et reverendissimum dominum&nbsp;<\/strong><\/em>y la pronunciaci\u00f3n del nombre de quien ser\u00e1 el nuevo Sumo Pont\u00edfice.<\/p>\n\n\n\n<p>El c\u00f3nclave para elegir al nuevo Papa, comenz\u00f3 16 d\u00edas despu\u00e9s del fallecimiento de Jorge Bergoglio, el Papa Francisco, quien muri\u00f3 el 21 de abril de 2025. As\u00ed,&nbsp;<strong>desde el 7 de mayo,<\/strong>&nbsp;los cardenales electores se reunieron en la Capilla Sixtina del Vaticano para elegir al sucesor de San Pedro.<\/p>\n\n\n\n<p>Ha salido el vocero al balc\u00f3n, desde donde una multitud de la Plaza de San Pedro esperaba con ansias la noticia. El papa electo ha aceptado su elecci\u00f3n. Por lo que resonaron las palabras: &#8221; Nuntio vobis gaudium magnum: habemus papam! Eminentissimum et reverendissimum dominum&#8230;, qui sibi imposuit nomen.&#8221; Que significa: &#8220;<strong>Les traigo una gran alegr\u00eda: \u00a1tenemos al Papa! El eminent\u00edsimo y reverend\u00edsimo se\u00f1or&#8230; que se ha dado a s\u00ed mismo el nombre&#8230;&#8221;<\/strong><\/p>\n\n\n\n<p>La elecci\u00f3n del Papa es fruto del c\u00f3nclave celebrado por 133 cardenales de los 135 convocados, pero dos de ellos&nbsp;<strong>no asistieron por motivos personales<\/strong>. Despu\u00e9s de que las papeletas han sido escrutinadas se ha llevado a cabo un protocolo que confirma la elecci\u00f3n del nuevo papa.&nbsp;<\/p>\n\n\n\n<p>Se realizan dos preguntas, despu\u00e9s de que una votaci\u00f3n&nbsp; ha sido v\u00e1lida, se hace una vestimenta papal del nuevo Sumo Pont\u00edfice por primera vez.<\/p>\n\n\n\n<p>Las preguntas que se hacen al papa electo son: \u00bf<em>Acceptasne electionem de te canonice factam in Summum Pontificem?,&nbsp;<\/em>que significa&nbsp;<strong>\u00bfAceptas tu elecci\u00f3n can\u00f3nica como Sumo Pont\u00edfice?<\/strong>&nbsp;y&nbsp;<em>\u00bf Quo nomine vis vocari?<\/em>&nbsp;que quiere decir&nbsp;<strong>\u00bfC\u00f3mo quieres que te llamen?<\/strong><\/p>\n\n\n\n<h2 class=\"wp-block-heading\">\u00bfQui\u00e9n es Robert Francis Prevost Mart\u00ednez?<\/h2>\n\n\n\n<p>Robert Francis Prevost, nacido en Chicago en 1955, fue designado prefecto del Dicasterio para los Obispos en 2023 y creado cardenal ese mismo a\u00f1o. Prevost se distingue por un estilo sobrio, de escucha y discernimiento.&nbsp;<\/p>\n\n\n\n<p>No se caracteriza por declaraciones ideol\u00f3gicas fuertes, sino que su perfil es m\u00e1s t\u00e9cnico y pastoral, lo que lo convirti\u00f3 en un colaborador de confianza de Francisco en un \u00e1mbito clave: la selecci\u00f3n de obispos para todo el mundo. gran parte de su ministerio en Per\u00fa, donde ejerci\u00f3 como misionero, formador, docente y vicario judicial en la di\u00f3cesis de Trujillo.&nbsp;<\/p>\n\n\n\n<p>Robert Francis Prevost fue elegido el pasado enero por el propio Francisco como nuevo prefecto de la Congregaci\u00f3n de Obispos y era el encargado de seleccionar a los nuevos obispos. Nacido en Chicago, tiene or\u00edgenes franco italianos y tambi\u00e9n espa\u00f1ola, puesto que su madre ten\u00eda ascendencia con nuestro pa\u00eds. Fuentes conocedores destacan su curr\u00edculum impecable y su visi\u00f3n internacional como puntos fuertes.<\/p>\n\n\n\n<p>De su formaci\u00f3n, se sabe que se licenci\u00f3 en Ciencias Matem\u00e1ticas y tambi\u00e9n se especializ\u00f3 en Filosof\u00eda. Luego tambi\u00e9n estudi\u00f3 Teolog\u00eda en Chicago, donde obtuvo una menci\u00f3n en misi\u00f3n intercultural y a los 26 a\u00f1os se orden\u00f3 sacerdote y acab\u00f3, al poco tiempo, mud\u00e1ndose a Per\u00fa donde estuvo durante a\u00f1os haciendo de misionero con los agustinianos.<\/p>\n","protected":false},"excerpt":{"rendered":"<p>Despu\u00e9s de la fumata blanca en el Vaticano, el nuevo Papa ha sido presentado en&#8230;<\/p>\n","protected":false},"author":3,"featured_media":83011,"comment_status":"closed","ping_status":"closed","sticky":false,"template":"","format":"standard","meta":{"footnotes":""},"categories":[4],"tags":[],"class_list":["post-83010","post","type-post","status-publish","format-standard","has-post-thumbnail","hentry","category-noticias-del-dia"],"_links":{"self":[{"href":"https:\/\/bambapolitica.com.mx\/index.php\/wp-json\/wp\/v2\/posts\/83010","targetHints":{"allow":["GET"]}}],"collection":[{"href":"https:\/\/bambapolitica.com.mx\/index.php\/wp-json\/wp\/v2\/posts"}],"about":[{"href":"https:\/\/bambapolitica.com.mx\/index.php\/wp-json\/wp\/v2\/types\/post"}],"author":[{"embeddable":true,"href":"https:\/\/bambapolitica.com.mx\/index.php\/wp-json\/wp\/v2\/users\/3"}],"replies":[{"embeddable":true,"href":"https:\/\/bambapolitica.com.mx\/index.php\/wp-json\/wp\/v2\/comments?post=83010"}],"version-history":[{"count":1,"href":"https:\/\/bambapolitica.com.mx\/index.php\/wp-json\/wp\/v2\/posts\/83010\/revisions"}],"predecessor-version":[{"id":83012,"href":"https:\/\/bambapolitica.com.mx\/index.php\/wp-json\/wp\/v2\/posts\/83010\/revisions\/83012"}],"wp:featuredmedia":[{"embeddable":true,"href":"https:\/\/bambapolitica.com.mx\/index.php\/wp-json\/wp\/v2\/media\/83011"}],"wp:attachment":[{"href":"https:\/\/bambapolitica.com.mx\/index.php\/wp-json\/wp\/v2\/media?parent=83010"}],"wp:term":[{"taxonomy":"category","embeddable":true,"href":"https:\/\/bambapolitica.com.mx\/index.php\/wp-json\/wp\/v2\/categories?post=83010"},{"taxonomy":"post_tag","embeddable":true,"href":"https:\/\/bambapolitica.com.mx\/index.php\/wp-json\/wp\/v2\/tags?post=83010"}],"curies":[{"name":"wp","href":"https:\/\/api.w.org\/{rel}","templated":true}]}}