{"id":85881,"date":"2025-09-30T09:24:40","date_gmt":"2025-09-30T15:24:40","guid":{"rendered":"https:\/\/bambapolitica.com.mx\/?p=85881"},"modified":"2025-09-30T09:24:44","modified_gmt":"2025-09-30T15:24:44","slug":"sandra-cuevas-nuevamente-en-el-ojo-del-huracan-por-presuntos-vinculos-con-el-mandril","status":"publish","type":"post","link":"https:\/\/bambapolitica.com.mx\/index.php\/2025\/09\/30\/sandra-cuevas-nuevamente-en-el-ojo-del-huracan-por-presuntos-vinculos-con-el-mandril\/","title":{"rendered":"Sandra Cuevas, nuevamente en el ojo del hurac\u00e1n por presuntos v\u00ednculos con \u201cEl Mandril\u201d"},"content":{"rendered":"\n<p>&nbsp;La exalcaldesa de Cuauht\u00e9moc, Sandra Cuevas, vuelve a estar en el centro de la pol\u00e9mica luego de que en redes sociales circulara una imagen en la que aparece junto a Melit\u00f3n Dom\u00ednguez \u201cN\u201d, alias \u201cEl Mandril\u201d, se\u00f1alado por su presunta participaci\u00f3n en el despojo de inmuebles a adultos mayores en los municipios de Ecatepec y Tec\u00e1mac.<\/p>\n\n\n\n<p><br>De acuerdo con diversos medios de comunicaci\u00f3n, Dom\u00ednguez operar\u00eda a trav\u00e9s de una supuesta organizaci\u00f3n tipo \u201cBarz\u00f3n\u201d, mediante la cual gana la confianza de sus agremiados para despu\u00e9s, presuntamente, despojarlos de su patrimonio con base en enga\u00f1os y pr\u00e1cticas fraudulentas.<br><br>La difusi\u00f3n de esta fotograf\u00eda ha reavivado cuestionamientos sobre las relaciones y posibles nexos de la exfuncionaria con personajes vinculados a actividades il\u00edcitas. Analistas se\u00f1alan que este caso podr\u00eda ser apenas el inicio de una serie de revelaciones que exhiban redes de complicidad y corrupci\u00f3n entre actores pol\u00edticos y grupos dedicados al despojo inmobiliario en el Estado de M\u00e9xico.<br><br>El tema sigue generando reacciones en la opini\u00f3n p\u00fablica, pues para muchos se trata de \u201cla punta del iceberg\u201d que podr\u00eda destapar un entramado de intereses oscuros en torno al manejo de bienes ra\u00edces y la vulnerabilidad de sectores sociales como los adultos mayores.<\/p>\n","protected":false},"excerpt":{"rendered":"<p>&nbsp;La exalcaldesa de Cuauht\u00e9moc, Sandra Cuevas, vuelve a estar en el centro de la pol\u00e9mica&#8230;<\/p>\n","protected":false},"author":3,"featured_media":85882,"comment_status":"closed","ping_status":"closed","sticky":false,"template":"","format":"standard","meta":{"footnotes":""},"categories":[4],"tags":[],"class_list":["post-85881","post","type-post","status-publish","format-standard","has-post-thumbnail","hentry","category-noticias-del-dia"],"_links":{"self":[{"href":"https:\/\/bambapolitica.com.mx\/index.php\/wp-json\/wp\/v2\/posts\/85881","targetHints":{"allow":["GET"]}}],"collection":[{"href":"https:\/\/bambapolitica.com.mx\/index.php\/wp-json\/wp\/v2\/posts"}],"about":[{"href":"https:\/\/bambapolitica.com.mx\/index.php\/wp-json\/wp\/v2\/types\/post"}],"author":[{"embeddable":true,"href":"https:\/\/bambapolitica.com.mx\/index.php\/wp-json\/wp\/v2\/users\/3"}],"replies":[{"embeddable":true,"href":"https:\/\/bambapolitica.com.mx\/index.php\/wp-json\/wp\/v2\/comments?post=85881"}],"version-history":[{"count":1,"href":"https:\/\/bambapolitica.com.mx\/index.php\/wp-json\/wp\/v2\/posts\/85881\/revisions"}],"predecessor-version":[{"id":85883,"href":"https:\/\/bambapolitica.com.mx\/index.php\/wp-json\/wp\/v2\/posts\/85881\/revisions\/85883"}],"wp:featuredmedia":[{"embeddable":true,"href":"https:\/\/bambapolitica.com.mx\/index.php\/wp-json\/wp\/v2\/media\/85882"}],"wp:attachment":[{"href":"https:\/\/bambapolitica.com.mx\/index.php\/wp-json\/wp\/v2\/media?parent=85881"}],"wp:term":[{"taxonomy":"category","embeddable":true,"href":"https:\/\/bambapolitica.com.mx\/index.php\/wp-json\/wp\/v2\/categories?post=85881"},{"taxonomy":"post_tag","embeddable":true,"href":"https:\/\/bambapolitica.com.mx\/index.php\/wp-json\/wp\/v2\/tags?post=85881"}],"curies":[{"name":"wp","href":"https:\/\/api.w.org\/{rel}","templated":true}]}}