{"id":85898,"date":"2025-09-30T10:35:56","date_gmt":"2025-09-30T16:35:56","guid":{"rendered":"https:\/\/bambapolitica.com.mx\/?p=85898"},"modified":"2025-09-30T10:36:00","modified_gmt":"2025-09-30T16:36:00","slug":"el-chuki-piloto-aviador-del-cartel-de-sinaloa-es-detenido-en-badiraguato-confirma-harfuch","status":"publish","type":"post","link":"https:\/\/bambapolitica.com.mx\/index.php\/2025\/09\/30\/el-chuki-piloto-aviador-del-cartel-de-sinaloa-es-detenido-en-badiraguato-confirma-harfuch\/","title":{"rendered":"\u2018El Chuki\u2019, piloto aviador del C\u00e1rtel de Sinaloa, es detenido en Badiraguato, confirma Harfuch"},"content":{"rendered":"\n<p>En Badiraguato, el \u2018El Chuki\u2019 fue localizado y arrestado; es el piloto aviador del C\u00e1rtel de Sinaloa.<\/p>\n\n\n\n<p><strong>Juan Pablo \u2018N\u2019, conocido como \u2018El Chuki\u2019,<\/strong>&nbsp;fue detenido en Badiraguato, Sinaloa, inform\u00f3&nbsp;<a href=\"https:\/\/www.elfinanciero.com.mx\/nacional\/2025\/09\/30\/harfuch-y-ebrard-a-la-cabeza-en-popularidad-encuesta-de-ef\/\" target=\"_blank\" rel=\"noreferrer noopener\">Omar Garc\u00eda Harfuch, secretario de Seguridad y Protecci\u00f3n Ciudadana<\/a>, este martes 30 de septiembre.<\/p>\n\n\n\n<p>\u2018El Chuki\u2019, identificado como piloto aviador del&nbsp;<a href=\"https:\/\/www.elfinanciero.com.mx\/nacional\/2025\/09\/24\/estados-unidos-acusa-de-narcoterrorismo-a-26-integrantes-del-cartel-de-sinaloa-que-operaban-en-illinois-quienes-son\/\" target=\"_blank\" rel=\"noreferrer noopener\">C\u00e1rtel de Sinaloa<\/a>, fue aprehendido en un operativo llevado a cabo en la localidad de Surutato, en Badiraguato, Sinaloa.<\/p>\n\n\n\n<p>Surutato es un&nbsp;<strong>\u00e1rea rural de Badiraguato<\/strong>, donde&nbsp;<a href=\"https:\/\/www.elfinanciero.com.mx\/nacional\/2025\/07\/04\/julio-cesar-chavez-jr-junto-a-ovidio-y-el-nini-los-narcos-con-los-que-comparte-orden-de-aprehension\/\" target=\"_blank\" rel=\"noreferrer noopener\">\u2018El Chuki\u2019<\/a>&nbsp;fue localizado y arrestado tras un seguimiento que revel\u00f3 sus movimientos y ubicaci\u00f3n.<\/p>\n\n\n\n<p>La detenci\u00f3n de este narcotraficante fue realizada por&nbsp;<strong>la Secretar\u00eda de Seguridad y Protecci\u00f3n Ciudadana (SSPC)<\/strong>, la Secretar\u00eda de la Defensa Nacional (Sedena), la Fiscal\u00eda General de la Rep\u00fablica (FGR) y la Guardia Nacional (GN).<\/p>\n\n\n\n<h2 class=\"wp-block-heading\">\u00bfQui\u00e9n es Juan Pablo \u2018N\u2019, conocido como \u2018El Chuki\u2019?<\/h2>\n\n\n\n<p><strong>Juan Pablo \u2018N\u2019, alias \u2018El Chuki\u2019,<\/strong>&nbsp;fue identificado como un importante piloto aviador del C\u00e1rtel de Sinaloa, espec\u00edficamente vinculado a&nbsp;<a href=\"https:\/\/www.elfinanciero.com.mx\/nacional\/2025\/09\/17\/la-promesa-que-los-chapitos-le-hicieron-al-mencho-a-cambio-de-proteccion\/\" target=\"_blank\" rel=\"noreferrer noopener\">\u2018Los Chapitos\u2019<\/a>, una de las facciones m\u00e1s poderosas de esta organizaci\u00f3n.<\/p>\n\n\n\n<p>Con 26 a\u00f1os,<strong>&nbsp;\u2018El Chuki\u2019 se ha convertido en un operador clave<\/strong>, facilitando el transporte de drogas y otras actividades il\u00edcitas. Su detenci\u00f3n representa un golpe significativo a las operaciones a\u00e9reas del c\u00e1rtel.<\/p>\n\n\n\n<p>Tras su detenci\u00f3n, Juan Pablo \u2018N\u2019 enfrenta varias acusaciones, incluyendo una orden de aprehensi\u00f3n por delincuencia organizada en materia de tr\u00e1fico de armas.<\/p>\n\n\n\n<p>Su situaci\u00f3n legal est\u00e1 en desarrollo, y se espera que enfrente un juicio que podr\u00eda resultar en penas si es encontrado culpable. Adem\u00e1s, su arresto podr\u00eda revelar m\u00e1s informaci\u00f3n sobre las operaciones del c\u00e1rtel, lo que podr\u00eda llevar a m\u00e1s detenciones y desmantelamiento de redes delictivas.<\/p>\n\n\n\n<p>Sinaloa ha sido hist\u00f3ricamente un epicentro del narcotr\u00e1fico en M\u00e9xico, siendo hogar del\u00a0<a href=\"https:\/\/www.elfinanciero.com.mx\/nacional\/2025\/08\/27\/cartel-de-sinaloa-esta-aniquilado-tras-declaracion-de-culpabilidad-de-el-mayo-garcia-harfuch-explica\/\" target=\"_blank\" rel=\"noreferrer noopener\">C\u00e1rtel de Sinaloa<\/a>. Esta organizaci\u00f3n delictiva ha tenido un papel protag\u00f3nico en la producci\u00f3n y tr\u00e1fico de diversas sustancias ilegales, especialmente metanfetaminas y coca\u00edna.<\/p>\n\n\n\n<p>La captura de \u2018El Chuki\u2019 se enmarca dentro de una serie de acciones gubernamentales para debilitar la estructura operativa de los c\u00e1rteles en el pa\u00eds.<\/p>\n\n\n\n<p><\/p>\n","protected":false},"excerpt":{"rendered":"<p>En Badiraguato, el \u2018El Chuki\u2019 fue localizado y arrestado; es el piloto aviador del C\u00e1rtel&#8230;<\/p>\n","protected":false},"author":3,"featured_media":85899,"comment_status":"closed","ping_status":"closed","sticky":false,"template":"","format":"standard","meta":{"footnotes":""},"categories":[4],"tags":[],"class_list":["post-85898","post","type-post","status-publish","format-standard","has-post-thumbnail","hentry","category-noticias-del-dia"],"_links":{"self":[{"href":"https:\/\/bambapolitica.com.mx\/index.php\/wp-json\/wp\/v2\/posts\/85898","targetHints":{"allow":["GET"]}}],"collection":[{"href":"https:\/\/bambapolitica.com.mx\/index.php\/wp-json\/wp\/v2\/posts"}],"about":[{"href":"https:\/\/bambapolitica.com.mx\/index.php\/wp-json\/wp\/v2\/types\/post"}],"author":[{"embeddable":true,"href":"https:\/\/bambapolitica.com.mx\/index.php\/wp-json\/wp\/v2\/users\/3"}],"replies":[{"embeddable":true,"href":"https:\/\/bambapolitica.com.mx\/index.php\/wp-json\/wp\/v2\/comments?post=85898"}],"version-history":[{"count":1,"href":"https:\/\/bambapolitica.com.mx\/index.php\/wp-json\/wp\/v2\/posts\/85898\/revisions"}],"predecessor-version":[{"id":85900,"href":"https:\/\/bambapolitica.com.mx\/index.php\/wp-json\/wp\/v2\/posts\/85898\/revisions\/85900"}],"wp:featuredmedia":[{"embeddable":true,"href":"https:\/\/bambapolitica.com.mx\/index.php\/wp-json\/wp\/v2\/media\/85899"}],"wp:attachment":[{"href":"https:\/\/bambapolitica.com.mx\/index.php\/wp-json\/wp\/v2\/media?parent=85898"}],"wp:term":[{"taxonomy":"category","embeddable":true,"href":"https:\/\/bambapolitica.com.mx\/index.php\/wp-json\/wp\/v2\/categories?post=85898"},{"taxonomy":"post_tag","embeddable":true,"href":"https:\/\/bambapolitica.com.mx\/index.php\/wp-json\/wp\/v2\/tags?post=85898"}],"curies":[{"name":"wp","href":"https:\/\/api.w.org\/{rel}","templated":true}]}}