{"id":85926,"date":"2025-10-01T09:34:31","date_gmt":"2025-10-01T15:34:31","guid":{"rendered":"https:\/\/bambapolitica.com.mx\/?p=85926"},"modified":"2025-10-01T09:34:43","modified_gmt":"2025-10-01T15:34:43","slug":"vecinos-de-coacalco-protestan-por-agua-contaminada-en-la-red-municipal","status":"publish","type":"post","link":"https:\/\/bambapolitica.com.mx\/index.php\/2025\/10\/01\/vecinos-de-coacalco-protestan-por-agua-contaminada-en-la-red-municipal\/","title":{"rendered":"VECINOS DE COACALCO PROTESTAN POR AGUA CONTAMINADA EN LA RED MUNICIPAL"},"content":{"rendered":"\n<p>Vecinos de la Unidad Habitacional El Laurel en Coacalco, denunciaron que desde hace seis meses est\u00e1n recibiendo agua contaminada y aunque ya lo denunciaron a las autoridades municipales, nada han hecho por solucionar este problema de Salud.Con botellas de agua en las manos expusieron qu\u00e9 el l\u00edquido qu\u00e9 sale de las llaves, es agua turbia, y aparecen residuos s\u00f3lidos.<\/p>\n\n\n\n<p>este motivo se han realizado estudios tanto por parte del organismo operador del agua en Coacalco como por lo habitantes de la zona, encontrando la presencia de coliformes de eses fecales de humanos y animales, lo que indica que est\u00e1 contaminado el pozo o la red de agua potable qu\u00e9 se suministra el l\u00edquido.de: \u201c\u00a1queremos agua potable!\u201d los vecinos de la unidad habitacional Laureles exige a las autoridades que se atienda su demanda y que puedan contar con agua de calidad, sin riesgos de salud para su familia.<\/p>\n","protected":false},"excerpt":{"rendered":"<p>Vecinos de la Unidad Habitacional El Laurel en Coacalco, denunciaron que desde hace seis meses&#8230;<\/p>\n","protected":false},"author":3,"featured_media":85927,"comment_status":"closed","ping_status":"closed","sticky":false,"template":"","format":"standard","meta":{"footnotes":""},"categories":[4],"tags":[],"class_list":["post-85926","post","type-post","status-publish","format-standard","has-post-thumbnail","hentry","category-noticias-del-dia"],"_links":{"self":[{"href":"https:\/\/bambapolitica.com.mx\/index.php\/wp-json\/wp\/v2\/posts\/85926","targetHints":{"allow":["GET"]}}],"collection":[{"href":"https:\/\/bambapolitica.com.mx\/index.php\/wp-json\/wp\/v2\/posts"}],"about":[{"href":"https:\/\/bambapolitica.com.mx\/index.php\/wp-json\/wp\/v2\/types\/post"}],"author":[{"embeddable":true,"href":"https:\/\/bambapolitica.com.mx\/index.php\/wp-json\/wp\/v2\/users\/3"}],"replies":[{"embeddable":true,"href":"https:\/\/bambapolitica.com.mx\/index.php\/wp-json\/wp\/v2\/comments?post=85926"}],"version-history":[{"count":1,"href":"https:\/\/bambapolitica.com.mx\/index.php\/wp-json\/wp\/v2\/posts\/85926\/revisions"}],"predecessor-version":[{"id":85928,"href":"https:\/\/bambapolitica.com.mx\/index.php\/wp-json\/wp\/v2\/posts\/85926\/revisions\/85928"}],"wp:featuredmedia":[{"embeddable":true,"href":"https:\/\/bambapolitica.com.mx\/index.php\/wp-json\/wp\/v2\/media\/85927"}],"wp:attachment":[{"href":"https:\/\/bambapolitica.com.mx\/index.php\/wp-json\/wp\/v2\/media?parent=85926"}],"wp:term":[{"taxonomy":"category","embeddable":true,"href":"https:\/\/bambapolitica.com.mx\/index.php\/wp-json\/wp\/v2\/categories?post=85926"},{"taxonomy":"post_tag","embeddable":true,"href":"https:\/\/bambapolitica.com.mx\/index.php\/wp-json\/wp\/v2\/tags?post=85926"}],"curies":[{"name":"wp","href":"https:\/\/api.w.org\/{rel}","templated":true}]}}