{"id":85934,"date":"2025-10-01T09:48:24","date_gmt":"2025-10-01T15:48:24","guid":{"rendered":"https:\/\/bambapolitica.com.mx\/?p=85934"},"modified":"2025-10-01T09:48:41","modified_gmt":"2025-10-01T15:48:41","slug":"layda-se-venga-de-alito-le-expropia-4-terrenos-para-construir-la-universidad-rosario-castellanos","status":"publish","type":"post","link":"https:\/\/bambapolitica.com.mx\/index.php\/2025\/10\/01\/layda-se-venga-de-alito-le-expropia-4-terrenos-para-construir-la-universidad-rosario-castellanos\/","title":{"rendered":"Layda \u2018se venga\u2019 de \u2018Alito\u2019: Le expropia 4 terrenos para construir la Universidad Rosario Castellanos"},"content":{"rendered":"\n<p>\u2018Ser\u00e1 una Universidad digna y muy bell\u00edsima\u2019, expres\u00f3 la gobernadora Layda Sansores tras anunciar que expropiar\u00e1 terrenos a \u2018Alito\u2019 Moreno.<\/p>\n\n\n\n<p>La gobernadora de Campeche, Layda Sansores San Rom\u00e1n, anunci\u00f3 la expropiaci\u00f3n legal de cuatro predios con una superficie de ocho hect\u00e1reas de terreno del fraccionamiento Miramar, propiedad del dirigente nacional del PRI,&nbsp;<a href=\"https:\/\/www.elfinanciero.com.mx\/nacional\/2025\/10\/01\/popularidad-de-alito-moreno-en-mexico-encuesta-el-financiero-30-septiembre-2025-mexicanos-no-aprueban-al-lider-del-pri\/\" target=\"_blank\" rel=\"noreferrer noopener\">Alejandro Moreno C\u00e1rdenas<\/a>, para la construcci\u00f3n de la&nbsp;<strong>Universidad Nacional Rosario Castellanos.<\/strong><\/p>\n\n\n\n<p>Durante su programa \u2018Martes del Jaguar\u2019, la&nbsp;<a href=\"https:\/\/www.elfinanciero.com.mx\/estados\/2022\/08\/05\/layda-sansores-sale-del-pais-para-tratar-asuntos-personales\/\" target=\"_blank\" rel=\"noreferrer noopener\">gobernadora Sansores San Rom\u00e1n<\/a>&nbsp;expres\u00f3 que, de acuerdo con la reci\u00e9n aprobada ley de Expropiaci\u00f3n, se determin\u00f3 expropiar esos predios, propiedad de \u201cAlito\u201d Moreno y que est\u00e1n a nombre de su madre&nbsp;<strong>Yolanda C\u00e1rdenas Montero<\/strong>&nbsp;y su arquitecto&nbsp;<strong>Juan Jos\u00e9 Salazar Ferrer<\/strong>; as\u00ed como un terreno peque\u00f1o de un particular para construir la Universidad de la salud Rosario Castellanos.<\/p>\n\n\n\n<p>\u201c<strong>Este predio es una chulada<\/strong>, ah\u00ed ten\u00eda su casota la que se cate\u00f3 donde ten\u00eda cine, boliche, tenemos poco recursos para hacer la Universidad, pero con lo que nos avanz\u00f3 \u2018Alito\u2019, ya tiene hasta la barda y nos deja el trabajo adelantado\u201d, subray\u00f3.<\/p>\n\n\n\n<p>Aclar\u00f3 que la mam\u00e1 de&nbsp;<a href=\"https:\/\/www.elfinanciero.com.mx\/nacional\/2025\/09\/18\/se-la-aplican-a-alito-moreno-le-quitan-la-comision-de-marina-en-el-senado-y-pri-acusa-revanchismo\/\" target=\"_blank\" rel=\"noreferrer noopener\">\u2018Alito\u2019 Moreno<\/a>, junto con el de su arquitecto, bardearon su terreno, adem\u00e1s de que han descubierto 34 propiedades con prestanombres en Campeche, \u201ccon la certeza y escrituras\u201d.<\/p>\n\n\n\n<h2 class=\"wp-block-heading\">Layda Sansores \u2018ventila\u2019 que \u2018Alito\u2019 Moreno tiene prestanombres<\/h2>\n\n\n\n<p>Esos terrenos, dijo, ser\u00e1n destinadas para algo que valga la pena como la Universidad y hoy se da por primera vez en&nbsp;<a href=\"https:\/\/www.elfinanciero.com.mx\/espectaculos\/2025\/09\/16\/viva-josefa-ortiz-de-pinedo-alcalde-de-escarcega-campeche-se-equivoca-al-dar-el-grito-2025\/\">Campeche<\/a>&nbsp;este decreto de expropiaci\u00f3n.<\/p>\n\n\n\n<p>Sansores justific\u00f3 que esta acci\u00f3n la llevar\u00e1 a cabo porque \u201cno hay otras alternativas, a todas sus propiedades ya les puso prestanombres\u201d.<\/p>\n\n\n\n<p>Enfatiz\u00f3 que los amparos de los prestanombres de<strong>&nbsp;Alejandro Moreno \u201cno les valdr\u00e1n\u201d&nbsp;<\/strong>porque siempre han tratado de evadir la ley con este recurso.<\/p>\n\n\n\n<p>Por ello, agreg\u00f3 que estos predios son de utilidad p\u00fablica y \u201cesto avanza porque avanza, ya que hay una buena esperanza de que se tendr\u00e1 una Universidad que merecen los campechanos\u201d.<\/p>\n\n\n\n<p>La\u00a0<a href=\"https:\/\/www.elfinanciero.com.mx\/estados\/2025\/09\/04\/campeche-aprueba-ley-alito-en-que-consiste-y-por-que-hace-referencia-al-lider-del-pri\/\" target=\"_blank\" rel=\"noreferrer noopener\">gobernadora de Campeche<\/a>\u00a0explic\u00f3 que ya se cuenta con el proyecto y que ya lo present\u00f3, se cumpli\u00f3 con todo lo que se requiere para que los campechanos tengan una \u201cUniversidad, digna y muy bell\u00edsima\u201d.<\/p>\n\n\n\n<p>Por \u00faltimo, dijo que ya est\u00e1 todo listo para empezar, \u201c<strong>yo creo que en un mes y medio vamos a iniciar los trabajos\u201d.<\/strong><\/p>\n","protected":false},"excerpt":{"rendered":"<p>\u2018Ser\u00e1 una Universidad digna y muy bell\u00edsima\u2019, expres\u00f3 la gobernadora Layda Sansores tras anunciar que&#8230;<\/p>\n","protected":false},"author":3,"featured_media":85935,"comment_status":"closed","ping_status":"closed","sticky":false,"template":"","format":"standard","meta":{"footnotes":""},"categories":[4],"tags":[],"class_list":["post-85934","post","type-post","status-publish","format-standard","has-post-thumbnail","hentry","category-noticias-del-dia"],"_links":{"self":[{"href":"https:\/\/bambapolitica.com.mx\/index.php\/wp-json\/wp\/v2\/posts\/85934","targetHints":{"allow":["GET"]}}],"collection":[{"href":"https:\/\/bambapolitica.com.mx\/index.php\/wp-json\/wp\/v2\/posts"}],"about":[{"href":"https:\/\/bambapolitica.com.mx\/index.php\/wp-json\/wp\/v2\/types\/post"}],"author":[{"embeddable":true,"href":"https:\/\/bambapolitica.com.mx\/index.php\/wp-json\/wp\/v2\/users\/3"}],"replies":[{"embeddable":true,"href":"https:\/\/bambapolitica.com.mx\/index.php\/wp-json\/wp\/v2\/comments?post=85934"}],"version-history":[{"count":1,"href":"https:\/\/bambapolitica.com.mx\/index.php\/wp-json\/wp\/v2\/posts\/85934\/revisions"}],"predecessor-version":[{"id":85936,"href":"https:\/\/bambapolitica.com.mx\/index.php\/wp-json\/wp\/v2\/posts\/85934\/revisions\/85936"}],"wp:featuredmedia":[{"embeddable":true,"href":"https:\/\/bambapolitica.com.mx\/index.php\/wp-json\/wp\/v2\/media\/85935"}],"wp:attachment":[{"href":"https:\/\/bambapolitica.com.mx\/index.php\/wp-json\/wp\/v2\/media?parent=85934"}],"wp:term":[{"taxonomy":"category","embeddable":true,"href":"https:\/\/bambapolitica.com.mx\/index.php\/wp-json\/wp\/v2\/categories?post=85934"},{"taxonomy":"post_tag","embeddable":true,"href":"https:\/\/bambapolitica.com.mx\/index.php\/wp-json\/wp\/v2\/tags?post=85934"}],"curies":[{"name":"wp","href":"https:\/\/api.w.org\/{rel}","templated":true}]}}