{"id":85940,"date":"2025-10-01T10:51:49","date_gmt":"2025-10-01T16:51:49","guid":{"rendered":"https:\/\/bambapolitica.com.mx\/?p=85940"},"modified":"2025-10-01T10:51:59","modified_gmt":"2025-10-01T16:51:59","slug":"estalla-huelga-en-nacional-monte-de-piedad-que-pasara-con-mis-cosas-empenadas-y-donde-pagar-refrendo","status":"publish","type":"post","link":"https:\/\/bambapolitica.com.mx\/index.php\/2025\/10\/01\/estalla-huelga-en-nacional-monte-de-piedad-que-pasara-con-mis-cosas-empenadas-y-donde-pagar-refrendo\/","title":{"rendered":"Estalla huelga en Nacional Monte de Piedad: \u00bfQu\u00e9 pasar\u00e1 con mis cosas empe\u00f1adas y d\u00f3nde pagar refrendo?"},"content":{"rendered":"\n<p>Este 1 de octubre Sindicato Nacional de Trabajadores del Nacional Monte de Piedad inici\u00f3 una huelga; conoce qu\u00e9 pasar\u00e1 con las cosas empe\u00f1adas y d\u00f3nde pagar el refrendo.<\/p>\n\n\n\n<p>Las y los trabajadores del\u00a0<a href=\"https:\/\/www.elfinanciero.com.mx\/economia\/2024\/02\/15\/estalla-huelga-en-el-monte-de-piedad-que-pasara-con-tus-cosas-empenadas\/\">Nacional Monte de Piedad iniciaron este 1 de octubre un paro de actividades<\/a>; denuncian\u00a0<strong>violaciones al contrato colectivo de trabajo<\/strong>.<\/p>\n\n\n\n<p>En un comunicado, el Sindicato se\u00f1al\u00f3 que los responsables de la administraci\u00f3n del personal\u00a0<strong>cancelaron derechos elementales del personal<\/strong>:<\/p>\n\n\n\n<p>\u201cMediante una\u00a0<strong>pol\u00edtica de acoso constante a las trabajadoras<\/strong>\u00a0y trabajadores, oblig\u00e1ndolos a laborar jornadas extenuantes, priv\u00e1ndolos de derechos tan elementales como la media hora de comida establecida en la ley\u201d.<\/p>\n\n\n\n<p>En redes sociales, la\u00a0<a href=\"https:\/\/www.elfinanciero.com.mx\/empresas\/2024\/02\/15\/por-que-el-monte-de-piedad-se-fue-a-huelga-esto-exige\/\">instituci\u00f3n confirm\u00f3 la suspensi\u00f3n de sus actividades<\/a>\u00a0y comparti\u00f3 recomendaciones a los clientes, quienes tienen prendas empe\u00f1adas y deben cumplir con fechas de pago.<\/p>\n\n\n\n<p>Cabe recordar que&nbsp;<strong>la anterior huelga<\/strong>&nbsp;en el Nacional Monte de Piedad se registr\u00f3 el&nbsp;<strong>15 de febrero de 2024 y dur\u00f3 un mes<\/strong>, antes de que las negociaciones concluyeran y se lograra un acuerdo.<\/p>\n\n\n\n<h2 class=\"wp-block-heading\">\u00bfQu\u00e9 pasar\u00e1 con los objetos empe\u00f1ados?<\/h2>\n\n\n\n<p><a href=\"https:\/\/www.elfinanciero.com.mx\/economia\/2024\/03\/20\/monte-de-piedad-reabre-sus-puertas-luego-de-la-huelga-busca-forjar-una-nueva-era\/\">Nacional Monte de Piedad<\/a>&nbsp;detall\u00f3 que mientras dure la suspensi\u00f3n por la huelga, los usuarios tienen varias opciones para&nbsp;<strong>hacer sus pagos y reiter\u00f3<\/strong>&nbsp;que&nbsp;<strong>sus prendas est\u00e1n resguardadas y seguras<\/strong>.<\/p>\n\n\n\n<p>Por el lado de los pagos del empe\u00f1o, indic\u00f3 que se tienen varias opciones: se pueden realizar en l\u00ednea (<strong>Mi Monte Web y Mi Monte App), en Banamex, tiendas OXXO o SPEI<\/strong>.<\/p>\n\n\n\n<p>\u201cSus art\u00edculos se mantendr\u00e1n seguros en las b\u00f3vedas de nuestras sucursales durante los d\u00edas de suspensi\u00f3n del servicio. La prenda podr\u00e1 recuperarse una vez reiniciadas las operaciones en sucursales\u201d, inform\u00f3 el Monte de Piedad.<\/p>\n\n\n\n<p>Adem\u00e1s, activ\u00f3 una serie de beneficios:<\/p>\n\n\n\n<ul class=\"wp-block-list\">\n<li><strong>Extensi\u00f3n de la fecha de pago<\/strong>; los propietarios deber\u00e1n consultar la nueva fecha de comercializaci\u00f3n a trav\u00e9s de la p\u00e1gina web oficial del\u00a0<a href=\"https:\/\/www.elfinanciero.com.mx\/mis-finanzas\/2022\/04\/05\/todo-lo-que-debes-saber-sobre-los-prestamos-en-linea-que-otorga-el-nacional-monte-de-piedad\/\">Nacional Monte de Piedad<\/a>.<\/li>\n\n\n\n<li><strong>Un refrendo adicional para joyas<\/strong>, autos y otros art\u00edculos.<\/li>\n\n\n\n<li>Sin comisi\u00f3n por custodia.<\/li>\n\n\n\n<li>Condonaci\u00f3n de comisiones por pago en tiendas Oxxo y Banamex de manera temporal.<\/li>\n<\/ul>\n\n\n\n<p>El paro podr\u00eda afectar cerca de&nbsp;<strong>300 sucursales del pa\u00eds<\/strong>&nbsp;y a unos 2 mil 300 empleados.<\/p>\n\n\n\n<h2 class=\"wp-block-heading\">Secretar\u00eda del Trabajo hace un llamado al di\u00e1logo<\/h2>\n\n\n\n<p>Tras el anuncio de la huelga por el Sindicato Nacional de Trabajadores del Nacional Monte de Piedad, la Secretar\u00eda del Trabajo y Previsi\u00f3n Social (STPS) asegur\u00f3 que puso a disposici\u00f3n de las partes los&nbsp;<strong>mecanismos institucionales de conciliaci\u00f3n<\/strong>&nbsp;y di\u00e1logo para procurar el acercamiento de las posturas.<\/p>\n\n\n\n<p>\u201cSin embargo, al 30 de septiembre, fecha del emplazamiento de huelga ratificado ante el poder judicial por la representaci\u00f3n sindical, las partes no han logrado un acuerdo definitivo e integral a los m\u00faltiples se\u00f1alamientos de incumplimientos o violaciones al CCT y convenios que ambas alegan en su perjuicio\u201d, se lee en la tarjeta de la Secretar\u00eda del Trabajo.<\/p>\n\n\n\n<p><\/p>\n","protected":false},"excerpt":{"rendered":"<p>Este 1 de octubre Sindicato Nacional de Trabajadores del Nacional Monte de Piedad inici\u00f3 una&#8230;<\/p>\n","protected":false},"author":3,"featured_media":85941,"comment_status":"closed","ping_status":"closed","sticky":false,"template":"","format":"standard","meta":{"footnotes":""},"categories":[4],"tags":[],"class_list":["post-85940","post","type-post","status-publish","format-standard","has-post-thumbnail","hentry","category-noticias-del-dia"],"_links":{"self":[{"href":"https:\/\/bambapolitica.com.mx\/index.php\/wp-json\/wp\/v2\/posts\/85940","targetHints":{"allow":["GET"]}}],"collection":[{"href":"https:\/\/bambapolitica.com.mx\/index.php\/wp-json\/wp\/v2\/posts"}],"about":[{"href":"https:\/\/bambapolitica.com.mx\/index.php\/wp-json\/wp\/v2\/types\/post"}],"author":[{"embeddable":true,"href":"https:\/\/bambapolitica.com.mx\/index.php\/wp-json\/wp\/v2\/users\/3"}],"replies":[{"embeddable":true,"href":"https:\/\/bambapolitica.com.mx\/index.php\/wp-json\/wp\/v2\/comments?post=85940"}],"version-history":[{"count":1,"href":"https:\/\/bambapolitica.com.mx\/index.php\/wp-json\/wp\/v2\/posts\/85940\/revisions"}],"predecessor-version":[{"id":85942,"href":"https:\/\/bambapolitica.com.mx\/index.php\/wp-json\/wp\/v2\/posts\/85940\/revisions\/85942"}],"wp:featuredmedia":[{"embeddable":true,"href":"https:\/\/bambapolitica.com.mx\/index.php\/wp-json\/wp\/v2\/media\/85941"}],"wp:attachment":[{"href":"https:\/\/bambapolitica.com.mx\/index.php\/wp-json\/wp\/v2\/media?parent=85940"}],"wp:term":[{"taxonomy":"category","embeddable":true,"href":"https:\/\/bambapolitica.com.mx\/index.php\/wp-json\/wp\/v2\/categories?post=85940"},{"taxonomy":"post_tag","embeddable":true,"href":"https:\/\/bambapolitica.com.mx\/index.php\/wp-json\/wp\/v2\/tags?post=85940"}],"curies":[{"name":"wp","href":"https:\/\/api.w.org\/{rel}","templated":true}]}}