{"id":85943,"date":"2025-10-01T10:54:05","date_gmt":"2025-10-01T16:54:05","guid":{"rendered":"https:\/\/bambapolitica.com.mx\/?p=85943"},"modified":"2025-10-01T10:54:12","modified_gmt":"2025-10-01T16:54:12","slug":"no-es-socavon-clara-brugada-explica-hundimiento-en-puente-de-la-concordia-en-iztapalapa","status":"publish","type":"post","link":"https:\/\/bambapolitica.com.mx\/index.php\/2025\/10\/01\/no-es-socavon-clara-brugada-explica-hundimiento-en-puente-de-la-concordia-en-iztapalapa\/","title":{"rendered":"\u2018No es socav\u00f3n\u2019: Clara Brugada explica \u2018hundimiento\u2019 en puente de La Concordia en Iztapalapa"},"content":{"rendered":"\n<p>La jefa de Gobierno de la CDMX, Clara Brugada, explic\u00f3 por qu\u00e9 se form\u00f3 la grieta en el puente de La Concordia, en Iztapalapa.<\/p>\n\n\n\n<p>\u201cNo es un&nbsp;<strong>socav\u00f3n<\/strong>, es una grieta\u201d, precis\u00f3 la jefa de Gobierno de la Ciudad de M\u00e9xico, Clara Brugada, sobre el \u2018<a href=\"https:\/\/www.elfinanciero.com.mx\/cdmx\/2025\/09\/30\/reportan-socavon-de-2-metros-en-el-puente-la-concordia-de-iztapalapa-cerca-de-donde-exploto-la-pipa-de-gas\/\" target=\"_blank\" rel=\"noreferrer noopener\">agujero\u2019 que se abri\u00f3 cerca del puente de La Concordia, en la alcald\u00eda Iztapalapa<\/a>.<\/p>\n\n\n\n<p>\u201cLamentablemente, la Concordia tiene problemas de hundimientos. Con la lluvia fuerte del fin de semana se hizo una grieta que estamos atendiendo ya de inmediato, pero es resultado de las lluvias y as\u00ed como esta hubo m\u00e1s casos y lugares con grietas\u201d, dijo la mandataria capitalina durante la conferencia&nbsp;<a href=\"https:\/\/www.elfinanciero.com.mx\/nacional\/2025\/10\/01\/claudia-sheinbaum-mananera-temas-hoy-1-de-octubre-de-2025-en-vivo\/\" target=\"_blank\" rel=\"noreferrer noopener\">\u2018ma\u00f1anera\u2019 de la presidenta Claudia Sheinbaum este mi\u00e9rcoles 1 de octubre<\/a>.<\/p>\n\n\n\n<p><strong>Clara Brugada<\/strong>&nbsp;asegur\u00f3 que dicha grieta se abri\u00f3 por las&nbsp;<a href=\"https:\/\/www.elfinanciero.com.mx\/cdmx\/2025\/09\/28\/brugada-recorre-zonas-afectadas-por-las-lluvias-y-garantiza-apoyo-a-los-afectados\/\" target=\"_blank\" rel=\"noreferrer noopener\">fuertes lluvias ocurridas el fin de semana<\/a>, pero ya se est\u00e1 reparando por la Secretar\u00eda de Obras y Servicios de la CDMX.<\/p>\n\n\n\n<p>Tras dichas reparaciones, la jefa de Gobierno adelant\u00f3 que el tramo afectado quedar\u00e1 abierto a partir del jueves por la tarde.<\/p>\n\n\n\n<h2 class=\"wp-block-heading\">Sheinbaum explica por qu\u00e9 se abri\u00f3 una \u2018grieta\u2019 en el puente de La Concordia<\/h2>\n\n\n\n<p>Al respecto, la&nbsp;<strong>presidenta Claudia Sheinbaum<\/strong>&nbsp;explic\u00f3 por qu\u00e9 se originan este tipo de grietas o&nbsp;<a href=\"https:\/\/www.elfinanciero.com.mx\/cdmx\/2025\/09\/23\/fotos-y-video-pipa-de-pemex-cae-en-socavon-en-iztacalco-que-danos-dejo\/\" target=\"_blank\" rel=\"noreferrer noopener\">socavones en la capital del pa\u00eds<\/a>.<\/p>\n\n\n\n<p>\u201cSe tiene que hacer un proyecto integral para que no se extraiga tanta agua desde el oriente, ya se est\u00e1 trabajando en eso\u201d, detall\u00f3.<\/p>\n\n\n\n<p>La mandataria agreg\u00f3 que las&nbsp;<strong>afectaciones en el oriente de la CDMX<\/strong>&nbsp;se deben al tipo de suelo que hay en la zona y el cual es diferente en cada \u00e1rea de la ciudad.<\/p>\n\n\n\n<p>\u201cEl problema de esta zona, de la periferia del oriente, es que hay hundimientos. Esa zona de la ciudad y del Estado de M\u00e9xico era lago, el suelo arcilloso es como plastilina y cuando se seca se vuelve polvito, como barro, y cuando se humedece se vuelve chicloso. Por eso luego son las grietas, porque se seca y se humedece\u201d, asegur\u00f3 la mandataria.<\/p>\n\n\n\n<h2 class=\"wp-block-heading\">\u00bfQu\u00e9 sabemos de la grieta que se abri\u00f3 en el puente de La Concordia?<\/h2>\n\n\n\n<p>La grieta tiene&nbsp;<strong>138 metros de largo&nbsp;<\/strong>y2 metros de profundidad, lo que ocasion\u00f3 el cierre de un carril del&nbsp;<a href=\"https:\/\/www.elfinanciero.com.mx\/cdmx\/2025\/09\/11\/la-historia-del-puente-de-la-concordia-de-simbolo-de-movilidad-a-escenario-de-la-tragedia\/\" target=\"_blank\" rel=\"noreferrer noopener\">puente de La Concordia<\/a>.<\/p>\n\n\n\n<p>Se trata de la misma zona donde el pasado 10 de septiembre&nbsp;<a href=\"https:\/\/www.elfinanciero.com.mx\/cdmx\/2025\/09\/30\/cdmx-anuncia-restricciones-a-pipas-de-gas-tras-explosion-en-iztapalapa\/\" target=\"_blank\" rel=\"noreferrer noopener\">explot\u00f3 una pipa de gas que dej\u00f3 un saldo de 31 muertos<\/a>.<\/p>\n\n\n\n<p>En tanto, el&nbsp;<strong>socav\u00f3n&nbsp;<\/strong>fue detectado en el mismo distribuidor vial, cerca de la calzada Ignacio Zaragoza, que result\u00f3 tambi\u00e9n inundada tras las lluvias del s\u00e1bado pasado.<\/p>\n\n\n\n<p>Dicha situaci\u00f3n despert\u00f3 nuevas cr\u00edticas tras el accidente con la pipa de gas y cuestion\u00f3 la versi\u00f3n de las autoridades capitalinas, quienes descartaron que el veh\u00edculo haya volcado por un bache o afectaciones en la calle.<\/p>\n\n\n\n<p>Tras un\u00a0<strong>an\u00e1lisis de las autoridades<\/strong>\u00a0se descart\u00f3 que la grieta est\u00e9 relacionada con el\u00a0<a href=\"https:\/\/www.elfinanciero.com.mx\/economia\/2025\/09\/20\/explosion-en-puente-de-iztapalapa-como-se-calculan-las-indemnizaciones-para-victimas-de-accidentes\/\" target=\"_blank\" rel=\"noreferrer noopener\">accidente de la pipa en la alcald\u00eda Iztapalapa<\/a>.<\/p>\n","protected":false},"excerpt":{"rendered":"<p>La jefa de Gobierno de la CDMX, Clara Brugada, explic\u00f3 por qu\u00e9 se form\u00f3 la&#8230;<\/p>\n","protected":false},"author":3,"featured_media":85944,"comment_status":"closed","ping_status":"closed","sticky":false,"template":"","format":"standard","meta":{"footnotes":""},"categories":[4],"tags":[],"class_list":["post-85943","post","type-post","status-publish","format-standard","has-post-thumbnail","hentry","category-noticias-del-dia"],"_links":{"self":[{"href":"https:\/\/bambapolitica.com.mx\/index.php\/wp-json\/wp\/v2\/posts\/85943","targetHints":{"allow":["GET"]}}],"collection":[{"href":"https:\/\/bambapolitica.com.mx\/index.php\/wp-json\/wp\/v2\/posts"}],"about":[{"href":"https:\/\/bambapolitica.com.mx\/index.php\/wp-json\/wp\/v2\/types\/post"}],"author":[{"embeddable":true,"href":"https:\/\/bambapolitica.com.mx\/index.php\/wp-json\/wp\/v2\/users\/3"}],"replies":[{"embeddable":true,"href":"https:\/\/bambapolitica.com.mx\/index.php\/wp-json\/wp\/v2\/comments?post=85943"}],"version-history":[{"count":1,"href":"https:\/\/bambapolitica.com.mx\/index.php\/wp-json\/wp\/v2\/posts\/85943\/revisions"}],"predecessor-version":[{"id":85945,"href":"https:\/\/bambapolitica.com.mx\/index.php\/wp-json\/wp\/v2\/posts\/85943\/revisions\/85945"}],"wp:featuredmedia":[{"embeddable":true,"href":"https:\/\/bambapolitica.com.mx\/index.php\/wp-json\/wp\/v2\/media\/85944"}],"wp:attachment":[{"href":"https:\/\/bambapolitica.com.mx\/index.php\/wp-json\/wp\/v2\/media?parent=85943"}],"wp:term":[{"taxonomy":"category","embeddable":true,"href":"https:\/\/bambapolitica.com.mx\/index.php\/wp-json\/wp\/v2\/categories?post=85943"},{"taxonomy":"post_tag","embeddable":true,"href":"https:\/\/bambapolitica.com.mx\/index.php\/wp-json\/wp\/v2\/tags?post=85943"}],"curies":[{"name":"wp","href":"https:\/\/api.w.org\/{rel}","templated":true}]}}