{"id":85949,"date":"2025-10-01T11:12:44","date_gmt":"2025-10-01T17:12:44","guid":{"rendered":"https:\/\/bambapolitica.com.mx\/?p=85949"},"modified":"2025-10-01T11:12:52","modified_gmt":"2025-10-01T17:12:52","slug":"subametralladora-extorsion-y-persecucion-operativo-en-chalco-termina-con-dos-capturados","status":"publish","type":"post","link":"https:\/\/bambapolitica.com.mx\/index.php\/2025\/10\/01\/subametralladora-extorsion-y-persecucion-operativo-en-chalco-termina-con-dos-capturados\/","title":{"rendered":"Subametralladora, extorsi\u00f3n y persecuci\u00f3n: operativo en Chalco termina con dos capturados"},"content":{"rendered":"\n<ul class=\"wp-block-list\">\n<li>En la acci\u00f3n, aseguraron una subametralladora, varios cartuchos \u00fatiles y dos veh\u00edculos en los que se transportaban.<\/li>\n\n\n\n<li>Al parecer, los individuos amenazaron al propietario de un negocio y exig\u00edan el pago de derecho de piso.<\/li>\n<\/ul>\n\n\n\n<p>En atenci\u00f3n a una solicitud de ayuda, elementos de la Secretar\u00eda de Seguridad del Estado de M\u00e9xico (SSEM) detuvieron a dos hombres, probables implicados en los delitos de portaci\u00f3n de arma de fuego y extorsi\u00f3n; en la acci\u00f3n, aseguraron una subametralladora, varios cartuchos \u00fatiles y dos veh\u00edculos en los que se transportaban.<\/p>\n\n\n\n<p>Mediante una llamada al n\u00famero nacional de emergencias 9-1-1, personal del Centro de Control, Comando, Comunicaci\u00f3n, C\u00f3mputo y Calidad (C5) atendi\u00f3 una denuncia ciudadana donde refer\u00edan que dos individuos ingresaron a un negocio, con un arma y por medio de palabras altisonantes exig\u00edan el pago de derecho de piso, por lo que de manera inmediata se notific\u00f3 a uniformados estatales en campo para su pronta intervenci\u00f3n.<\/p>\n\n\n\n<p>Efectivos estatales que efectuaban patrullajes de vigilancia en el marco del Mando Unificado Zona Oriente, implementaron un despliegue estrat\u00e9gico sobre la Carretera Federal M\u00e9xico-Cuautla, a la altura del kil\u00f3metro 34.4, en la localidad de San Lucas Amalinalco.<\/p>\n\n\n\n<p>En el sitio, establecieron contacto con el encargado del negocio, mismo que se\u00f1al\u00f3 a dos sujetos como sus agresores, y los cuales se encontraban metros adelante. Conforme al protocolo de actuaci\u00f3n y con la posibilidad de que estuvieran armados, los uniformados estatales establecieron un cerco perimetral y con comandos verbales solicitaron una revisi\u00f3n f\u00edsica a sus personas.<\/p>\n\n\n\n<p>Tras llevar a cabo la inspecci\u00f3n, encontraron entres sus pertenencias una subametralladora de madera, sin marca, con ca\u00f1\u00f3n de metal; con varios cartuchos \u00fatiles, calibre 22 mil\u00edmetros y dos tel\u00e9fonos celulares.<\/p>\n\n\n\n<p>A solicitud de la parte afectada y luego de informar que el portar un arma sin el permiso correspondiente es constitutivo de un delito los oficiales detuvieron a Julio \u201cN\u201d y \u00c1ngel \u201cN\u201d de 37 y 35 a\u00f1os de edad; cabe mencionar que tambi\u00e9n se aseguraron dos veh\u00edculos en los que se transportaban, uno de la marca Mini Cooper, color azul, con placas de circulaci\u00f3n del estado de Morelos y una camioneta de la marca Chevrolet Colorado, color blanco, con placas del estado de Michoac\u00e1n.<\/p>\n\n\n\n<p>Despu\u00e9s de hacer saber los derechos que la ley consagra, los detenidos, junto con el arma de fuego y los veh\u00edculos asegurados, fueron presentados ante la Agencia del Ministerio P\u00fablico, donde se inici\u00f3 la carpeta de investigaci\u00f3n a fin de determinar su situaci\u00f3n jur\u00eddica.<\/p>\n","protected":false},"excerpt":{"rendered":"<p>En atenci\u00f3n a una solicitud de ayuda, elementos de la Secretar\u00eda de Seguridad del Estado&#8230;<\/p>\n","protected":false},"author":3,"featured_media":85950,"comment_status":"closed","ping_status":"closed","sticky":false,"template":"","format":"standard","meta":{"footnotes":""},"categories":[4],"tags":[],"class_list":["post-85949","post","type-post","status-publish","format-standard","has-post-thumbnail","hentry","category-noticias-del-dia"],"_links":{"self":[{"href":"https:\/\/bambapolitica.com.mx\/index.php\/wp-json\/wp\/v2\/posts\/85949","targetHints":{"allow":["GET"]}}],"collection":[{"href":"https:\/\/bambapolitica.com.mx\/index.php\/wp-json\/wp\/v2\/posts"}],"about":[{"href":"https:\/\/bambapolitica.com.mx\/index.php\/wp-json\/wp\/v2\/types\/post"}],"author":[{"embeddable":true,"href":"https:\/\/bambapolitica.com.mx\/index.php\/wp-json\/wp\/v2\/users\/3"}],"replies":[{"embeddable":true,"href":"https:\/\/bambapolitica.com.mx\/index.php\/wp-json\/wp\/v2\/comments?post=85949"}],"version-history":[{"count":1,"href":"https:\/\/bambapolitica.com.mx\/index.php\/wp-json\/wp\/v2\/posts\/85949\/revisions"}],"predecessor-version":[{"id":85951,"href":"https:\/\/bambapolitica.com.mx\/index.php\/wp-json\/wp\/v2\/posts\/85949\/revisions\/85951"}],"wp:featuredmedia":[{"embeddable":true,"href":"https:\/\/bambapolitica.com.mx\/index.php\/wp-json\/wp\/v2\/media\/85950"}],"wp:attachment":[{"href":"https:\/\/bambapolitica.com.mx\/index.php\/wp-json\/wp\/v2\/media?parent=85949"}],"wp:term":[{"taxonomy":"category","embeddable":true,"href":"https:\/\/bambapolitica.com.mx\/index.php\/wp-json\/wp\/v2\/categories?post=85949"},{"taxonomy":"post_tag","embeddable":true,"href":"https:\/\/bambapolitica.com.mx\/index.php\/wp-json\/wp\/v2\/tags?post=85949"}],"curies":[{"name":"wp","href":"https:\/\/api.w.org\/{rel}","templated":true}]}}