{"id":86234,"date":"2025-10-10T10:00:45","date_gmt":"2025-10-10T16:00:45","guid":{"rendered":"https:\/\/bambapolitica.com.mx\/?p=86234"},"modified":"2025-10-10T10:00:50","modified_gmt":"2025-10-10T16:00:50","slug":"sheinbaum-reacciona-a-destitucion-de-dina-boluarte-en-peru-liberen-al-presidente-pedro-castillo","status":"publish","type":"post","link":"https:\/\/bambapolitica.com.mx\/index.php\/2025\/10\/10\/sheinbaum-reacciona-a-destitucion-de-dina-boluarte-en-peru-liberen-al-presidente-pedro-castillo\/","title":{"rendered":"Sheinbaum reacciona a destituci\u00f3n de Dina Boluarte en Per\u00fa: \u2018Liberen al presidente Pedro Castillo\u2019"},"content":{"rendered":"\n<p>Estos fueron los temas m\u00e1s importantes de la conferencia matutina de la presidenta Sheinbaum.<\/p>\n\n\n\n<p>La&nbsp;<strong>presidenta Claudia Sheinbaum&nbsp;<\/strong>mencion\u00f3 que la&nbsp;<a href=\"https:\/\/www.elfinanciero.com.mx\/mundo\/2025\/10\/09\/dina-boluarte-planea-huir-de-peru-exigen-a-fiscalia-impedir-escape-de-la-presidenta\/\" target=\"_blank\" rel=\"noreferrer noopener\">destituci\u00f3n de Dina Boluarte como presidenta de Per\u00fa<\/a>&nbsp;fue por unanimidad en el Congreso y, aprovech\u00f3 para exigir la liberaci\u00f3n del exmandatario peruano, Pedro Castillo, quien, asegur\u00f3, fue v\u00edctima de un golpe de Estado.<\/p>\n\n\n\n<h2 class=\"wp-block-heading\">Sheinbaum reacciona a destituci\u00f3n de Dina Boluarte como presidenta de Per\u00fa<\/h2>\n\n\n\n<p>Al ser cuestionada sobre la&nbsp;<a href=\"https:\/\/www.elfinanciero.com.mx\/mundo\/2025\/10\/09\/destituyen-a-dina-boluarte-de-la-presidencia-de-peru-por-incapacidad-moral-congreso-vota-vacancia-de-presidencia\/\" target=\"_blank\" rel=\"noreferrer noopener\">destituci\u00f3n de Dina Boluarte como presidenta de Per\u00fa<\/a>, Claudia Sheinbaum reiter\u00f3 su apoyo hacia el expresidente, Pedro Castillo.<\/p>\n\n\n\n<p>\u201cNosotros consideramos que un\u00a0<strong>golpe de Estado destituy\u00f3 al presidente\u00a0<\/strong>Castillo, le reiteramos nuestra solidaridad siempre. Fue por unanimidad la destituci\u00f3n (de Dina Boluarte) e insistimos en que se libere a\u00a0<a href=\"https:\/\/www.elfinanciero.com.mx\/mundo\/2025\/08\/30\/pedro-castillo-agradece-a-sheinbaum-por-su-respaldo-gracias-por-acompanar-la-causa-del-pueblo-peruano\/\" target=\"_blank\" rel=\"noreferrer noopener\">Pedro Castillo<\/a>\u201d, agreg\u00f3.<\/p>\n\n\n\n<p>Boluarte dejar\u00e1 la Presidencia de Per\u00fa luego de que el Congreso determinara que no tiene capacidad moral para gobernar.<\/p>\n\n\n\n<p>M\u00e1s tarde,\u00a0<strong>Jos\u00e9 Jer\u00ed<\/strong>\u00a0jur\u00f3 como el nuevo presidente de Per\u00fa, por sucesi\u00f3n constitucional.<\/p>\n\n\n\n<h2 class=\"wp-block-heading\">Sheinbaum pide que Tribunal de Disciplina Judicial informe c\u00f3mo va a operar y las sanciones a jueces<\/h2>\n\n\n\n<p>A un mes de que entr\u00f3 en funciones el nuevo Poder Judicial, Sheinbaum pidi\u00f3 que el Tribunal de Disciplina Judicial informe c\u00f3mo ser\u00e1n sus operaciones y reglas.<\/p>\n\n\n\n<p>\u201cDesde mi punto de vista, el&nbsp;<a href=\"https:\/\/www.elfinanciero.com.mx\/nacional\/2025\/09\/03\/arranca-tribunal-de-disciplina-con-aviso-carcel-para-jueces-corruptos\/\" target=\"_blank\" rel=\"noreferrer noopener\">Tribunal de Disciplina Judicial<\/a>&nbsp;deber\u00eda informar&nbsp;<strong>cu\u00e1les son los criterios de evaluaci\u00f3n<\/strong>&nbsp;de los jueces y las sanciones\u201d, agreg\u00f3 la presidenta.<\/p>\n\n\n\n<p>El Tribunal vigila el buen actuar de&nbsp;<a href=\"https:\/\/www.elfinanciero.com.mx\/nacional\/2025\/09\/01\/toma-de-protesta-de-hugo-aguilar-y-ministros-de-suprema-corte-en-vivo\/\">jueces y magistrados del Poder Judicial de la Federaci\u00f3n (PJF)<\/a>. Los jueces corruptos \u201cir\u00e1n a la c\u00e1rcel\u201d, advirtieron.<\/p>\n\n\n\n<p>\u201cNo se debe tolerar que haya&nbsp;<strong>conductas inadecuadas o indolentes&nbsp;<\/strong>en la administraci\u00f3n de justicia; no es admisible la impunidad de malos juzgadores; es inaceptable el retardo en la resoluci\u00f3n de asuntos\u201d, dijo la&nbsp;<a href=\"https:\/\/www.elfinanciero.com.mx\/nacional\/2025\/06\/17\/celia-maya-presidenta-electal-del-tribunal-de-disciplina-judicial-descarta-persecucion-a-jueces\/\">magistrada Celia Maya, presidenta del TDJ<\/a>.<\/p>\n\n\n\n<h2 class=\"wp-block-heading\">Chico Pardo abrir\u00e1 m\u00e1s el acervo cultural de Banamex, adelanta Sheinbaum<\/h2>\n\n\n\n<p>Sobre el&nbsp;<a href=\"https:\/\/www.elfinanciero.com.mx\/economia\/2025\/10\/10\/citigroup-rechaza-la-oferta-de-compra-de-grupo-mexico\/\" target=\"_blank\" rel=\"noreferrer noopener\">rechazo de Citi a la oferta de Grupo M\u00e9xico<\/a>&nbsp;para la compra de Banamex, la presidenta destac\u00f3 que se inclinaron por la primera oferta que ten\u00edan con el empresario Fernando Chico Pardo.<\/p>\n\n\n\n<p>\u201cCiti determin\u00f3 que la&nbsp;<strong>propuesta con la que aceptan la venta<\/strong>&nbsp;de la primera parte de Banamex, entonces se queda Chico Pardo con 25 por ciento y la otra parte la abren a accionistas\u201d, destac\u00f3 la mandataria.<\/p>\n\n\n\n<p>Sobre el acervo cultural de Banamex, la presidenta Sheinbaum dijo que la intenci\u00f3n de&nbsp;<a href=\"https:\/\/www.elfinanciero.com.mx\/millonarios\/2025\/10\/03\/venta-de-banamex-que-negocios-tienen-german-larrea-fernando-chico-pardo\/\" target=\"_blank\" rel=\"noreferrer noopener\">Chico Pardo<\/a>&nbsp;es aumentar m\u00e1s dicho acervo.<\/p>\n\n\n\n<p>La mandataria record\u00f3 que horas antes del anuncio oficial, la&nbsp;<strong>CEO de Citi&nbsp;<\/strong>solicit\u00f3 una videollamada con&nbsp;<a href=\"https:\/\/www.elfinanciero.com.mx\/empresas\/2025\/10\/08\/que-el-mejor-postor-gane-banamex-cual-es-la-diferencia-entre-german-larrea-y-fernando-chico-pardo\/\" target=\"_blank\" rel=\"noreferrer noopener\">Fernando Chico Pardo<\/a>, la presidenta y el secretario de Hacienda, \u00c9dgar Amador.<\/p>\n\n\n\n<h2 class=\"wp-block-heading\">Sheinbaum confirma que no ir\u00e1 a informe de Gobierno de Clara Brugada<\/h2>\n\n\n\n<p>La presidenta Claudia Sheinbaum confirm\u00f3 que no ir\u00e1 al primer informe de Gobierno de la&nbsp;<a href=\"https:\/\/www.elfinanciero.com.mx\/cdmx\/2025\/10\/07\/aprueba-64-de-los-capitalinos-gestion-de-clara-brugada-encuesta-ef\/\" target=\"_blank\" rel=\"noreferrer noopener\">jefa de Gobierno de la Ciudad de M\u00e9xico, Clara Brugada<\/a>.<\/p>\n\n\n\n<p>\u201cIr\u00e1 un secretario, yo estar\u00e9 ac\u00e1 en la&nbsp;<strong>zona metropolitana<\/strong>, en el Estado de M\u00e9xico\u201d, a\u00f1adi\u00f3 la mandataria.<\/p>\n\n\n\n<h2 class=\"wp-block-heading\">Tormenta tropical \u2018Raymond\u2019: \u00bfD\u00f3nde est\u00e1 y cu\u00e1les ser\u00e1n las zonas \u2018en peligro\u2019?<\/h2>\n\n\n\n<p>La&nbsp;<a href=\"https:\/\/www.elfinanciero.com.mx\/nacional\/2025\/10\/09\/lluvias-en-mexico-alertan-por-dos-frentes-frios-y-temperaturas-bajo-cero-por-tormentas-raymond-priscilla-y-jerry\/\" target=\"_blank\" rel=\"noreferrer noopener\">tormenta tropical&nbsp;<em>Raymond<\/em><\/a>&nbsp;est\u00e1 a 100 kil\u00f3metros al sur de Punta Telmo, Michoac\u00e1n, y a 195 kil\u00f3metros al oeste de Zihuatanejo, Guerrero.<\/p>\n\n\n\n<p>Por los&nbsp;<strong>efectos de dicha tormenta<\/strong>&nbsp;se prev\u00e9n lluvias torrenciales en la costa y suroeste de Guerrero, lluvias intensas en el norte y suroeste de Oaxaca.<\/p>\n\n\n\n<p>Colima tendr\u00e1 lluvias muy fuertes y Jalisco, con lluvias fuertes. Adem\u00e1s, habr\u00e1 viento de 40 a 50 kil\u00f3metros por hora con rachas de 60 a 80 kil\u00f3metros por hora.<\/p>\n\n\n\n<p>En&nbsp;<strong>Jalisco&nbsp;<\/strong>hay suspensi\u00f3n de clases en ambos turnos en al menos 9 municipios costeros. La zona de prevenci\u00f3n por efectos de tormenta tropical va desde Zihuatanejo, Guerrero, hasta Cabo Corrientes, en Jalisco.<\/p>\n\n\n\n<h2 class=\"wp-block-heading\">Temporal de lluvias en M\u00e9xico: \u00bfQu\u00e9 estados fueron m\u00e1s afectados?<\/h2>\n\n\n\n<p>Tras las&nbsp;<a href=\"https:\/\/www.elfinanciero.com.mx\/cdmx\/2025\/10\/09\/donde-quedo-santa-fe-lluvias-en-cdmx-provocan-gelido-amanecer-en-el-poniente\/\" target=\"_blank\" rel=\"noreferrer noopener\">intensas lluvias<\/a>&nbsp;del jueves, Protecci\u00f3n Civil inform\u00f3 cu\u00e1les fueron los estados m\u00e1s afectados. Se trata de los siguientes:<\/p>\n\n\n\n<ul class=\"wp-block-list\">\n<li><strong>Veracruz<\/strong>.<\/li>\n\n\n\n<li>Puebla.<\/li>\n\n\n\n<li><strong>San Luis Potos\u00ed.<\/strong><\/li>\n\n\n\n<li>Quer\u00e9taro.<\/li>\n\n\n\n<li><strong>Hidalgo.<\/strong><\/li>\n\n\n\n<li>Guerrero.<\/li>\n<\/ul>\n\n\n\n<p>Veracruz es una de las entidades m\u00e1s afectadas en 38 municipios afectados, con 312 viviendas da\u00f1adas, sobre todo en la comunidad de \u00c1lamo Temapache, con 5 mil viviendas afectadas. Hay al menos 4 v\u00edas de comunicaci\u00f3n afectadas.<\/p>\n\n\n\n<p>Como parte de los da\u00f1os&nbsp;<strong>se desbordaron 18 corrientes<\/strong>, por lo que hay 35 localidades incomunicadas. Se habilitaron 2 v\u00edas alternas y hubo 18 derrumbes.<\/p>\n\n\n\n<h2 class=\"wp-block-heading\">Protecci\u00f3n Civil reporta 2 muertos por temporal de lluvias<\/h2>\n\n\n\n<p>Hubo&nbsp;<a href=\"https:\/\/www.elfinanciero.com.mx\/cdmx\/2025\/10\/09\/fallas-metro-cdmx-hoy-9-octubre-2025-retrasos-lineas-7-a-b\/\" target=\"_blank\" rel=\"noreferrer noopener\">lluvias en 31 estados<\/a>&nbsp;y, hasta ahora, se tiene conocimiento de una persona fallecida por el deslizamiento de ladera en Pinal de Amoles, en Quer\u00e9taro.<\/p>\n\n\n\n<p>Tambi\u00e9n hay&nbsp;<strong>1 persona muerta en Papantla, Veracruz<\/strong>, se trata de un polic\u00eda municipal que estaba en labores de rescate.<\/p>\n\n\n\n<p>Dicha cifra de fallecidos es preliminar, por lo que a partir de mediod\u00eda se dar\u00e1 el informe oficial. La zona con m\u00e1s alta precipitaci\u00f3n fue Zihuatanejo de Azueta, en Guerrero, con 151 mil\u00edmetros de lluvia.<\/p>\n\n\n\n<p>Otra de las\u00a0<a href=\"https:\/\/www.elfinanciero.com.mx\/edomex\/2025\/10\/09\/lluvias-dejan-incomunicado-a-santo-tomas-de-los-platanos-colapsa-puente-que-conecta-con-michoacan\/\" target=\"_blank\" rel=\"noreferrer noopener\">zonas con m\u00e1s lluvias<\/a>\u00a0fue\u00a0<strong>Juan Galindo, en Puebla<\/strong>, con 150 mil\u00edmetros.<\/p>\n","protected":false},"excerpt":{"rendered":"<p>Estos fueron los temas m\u00e1s importantes de la conferencia matutina de la presidenta Sheinbaum. La&nbsp;presidenta&#8230;<\/p>\n","protected":false},"author":3,"featured_media":86235,"comment_status":"closed","ping_status":"closed","sticky":false,"template":"","format":"standard","meta":{"footnotes":""},"categories":[4],"tags":[],"class_list":["post-86234","post","type-post","status-publish","format-standard","has-post-thumbnail","hentry","category-noticias-del-dia"],"_links":{"self":[{"href":"https:\/\/bambapolitica.com.mx\/index.php\/wp-json\/wp\/v2\/posts\/86234","targetHints":{"allow":["GET"]}}],"collection":[{"href":"https:\/\/bambapolitica.com.mx\/index.php\/wp-json\/wp\/v2\/posts"}],"about":[{"href":"https:\/\/bambapolitica.com.mx\/index.php\/wp-json\/wp\/v2\/types\/post"}],"author":[{"embeddable":true,"href":"https:\/\/bambapolitica.com.mx\/index.php\/wp-json\/wp\/v2\/users\/3"}],"replies":[{"embeddable":true,"href":"https:\/\/bambapolitica.com.mx\/index.php\/wp-json\/wp\/v2\/comments?post=86234"}],"version-history":[{"count":1,"href":"https:\/\/bambapolitica.com.mx\/index.php\/wp-json\/wp\/v2\/posts\/86234\/revisions"}],"predecessor-version":[{"id":86236,"href":"https:\/\/bambapolitica.com.mx\/index.php\/wp-json\/wp\/v2\/posts\/86234\/revisions\/86236"}],"wp:featuredmedia":[{"embeddable":true,"href":"https:\/\/bambapolitica.com.mx\/index.php\/wp-json\/wp\/v2\/media\/86235"}],"wp:attachment":[{"href":"https:\/\/bambapolitica.com.mx\/index.php\/wp-json\/wp\/v2\/media?parent=86234"}],"wp:term":[{"taxonomy":"category","embeddable":true,"href":"https:\/\/bambapolitica.com.mx\/index.php\/wp-json\/wp\/v2\/categories?post=86234"},{"taxonomy":"post_tag","embeddable":true,"href":"https:\/\/bambapolitica.com.mx\/index.php\/wp-json\/wp\/v2\/tags?post=86234"}],"curies":[{"name":"wp","href":"https:\/\/api.w.org\/{rel}","templated":true}]}}