{"id":86423,"date":"2025-10-20T09:04:09","date_gmt":"2025-10-20T15:04:09","guid":{"rendered":"https:\/\/bambapolitica.com.mx\/?p=86423"},"modified":"2025-10-20T09:04:21","modified_gmt":"2025-10-20T15:04:21","slug":"familiares-de-victimas-de-multihomicidio-en-neza-denuncian-irregularidades-en-el-proceso","status":"publish","type":"post","link":"https:\/\/bambapolitica.com.mx\/index.php\/2025\/10\/20\/familiares-de-victimas-de-multihomicidio-en-neza-denuncian-irregularidades-en-el-proceso\/","title":{"rendered":"Familiares de v\u00edctimas de multihomicidio en Neza, denuncian irregularidades en el proceso."},"content":{"rendered":"\n<p><br>Familiares de v\u00edctimas del\u00a0\u00a0cu\u00e1druple homicidio registrado en el municipio de Nezahualc\u00f3yotl denunciaron irregularidades en el proceso y\u00a0\u00a0exigen justicia.<br>\u00a0<br>El pasado 13 de octubre, en calles de\u00a0\u00a0Nezahualc\u00f3yotl, 4 personas fueron asesinadas y dejadas dentro de un veh\u00edculo,\u00a0\u00a0hechos por lo cual fue detenido un sujeto identificado como Pablo Felipe, alias\u00a0\u00a0\u00a0&#8220;El Chiapaneco&#8221;.<br><br><br>Denunciaron\u00a0\u00a0presuntas irregularidades en la investigaci\u00f3n del caso, al grado de no haberles proporcionado un defensor de oficio, ni hacerles saber la audiencia\u00a0\u00a0programada, se\u00f1alando un posible favoritismo hacia el presunto responsable.<br><br><br>Ante est\u00e1s omisiones, exigen la intervenci\u00f3n de las autoridades federales y estatales para evitar la liberaci\u00f3n del presunto multihomicida.<br>\u00a0<br>Las v\u00edctimas fueron\u00a0\u00a0identificadas como Gabina S\u00e1nchez S\u00e1nchez (34 a\u00f1os), Dafne del Carmen Ferreral Gonz\u00e1lez (32 a\u00f1os), Mar\u00eda Manuela Medell\u00edn Hern\u00e1ndez (52 a\u00f1os) y Alejandro Salazar \u00c1lvarez (42 a\u00f1os).<br>\u00a0<br>En conferencia de prensa, los familiares manifestaron su preocupaci\u00f3n por el curso de las investigaciones, alegando que las autoridades ministeriales no han brindado la atenci\u00f3n debida y han mostrado una actitud que sugiere parcialidad hacia el presunto homicida, alias &#8220;Chiapaneco&#8221;.\u00a0<br><br><br>Los denunciantes, quienes mencionaron, se proporcionaron pruebas contundentes como fotograf\u00edas, videos e incluso el arma que uso el multihomicida, por parte de la Fiscal\u00eda, temen que debido a influencias y recursos econ\u00f3micos, el acusado pueda obtener su libertad.<br>\u00a0<br>Tememos por nuestras vidas. Si este hombre sale, sabemos de lo que es capaz&#8221;,* declar\u00f3 uno de los familiares.<br>\u00a0<br>Como medida de protesta y para exigir justicia, los familiares anunciaron una marcha hacia los juzgados y la Fiscal\u00eda en Nezahualc\u00f3yotl el pr\u00f3ximo martes.<\/p>\n\n\n\n<figure class=\"wp-block-gallery has-nested-images columns-default is-cropped wp-block-gallery-1 is-layout-flex wp-block-gallery-is-layout-flex\">\n<figure class=\"wp-block-image size-large\"><img loading=\"lazy\" decoding=\"async\" width=\"345\" height=\"195\" data-id=\"86424\" src=\"https:\/\/bambapolitica.com.mx\/wp-content\/uploads\/2025\/10\/4ab17fc9-fcf3-461d-b55e-ea69dfe7baf1.jpeg\" alt=\"\" class=\"wp-image-86424\" srcset=\"https:\/\/bambapolitica.com.mx\/wp-content\/uploads\/2025\/10\/4ab17fc9-fcf3-461d-b55e-ea69dfe7baf1.jpeg 345w, https:\/\/bambapolitica.com.mx\/wp-content\/uploads\/2025\/10\/4ab17fc9-fcf3-461d-b55e-ea69dfe7baf1-300x170.jpeg 300w\" sizes=\"auto, (max-width: 345px) 100vw, 345px\" \/><\/figure>\n<\/figure>\n","protected":false},"excerpt":{"rendered":"<p>Familiares de v\u00edctimas del\u00a0\u00a0cu\u00e1druple homicidio registrado en el municipio de Nezahualc\u00f3yotl denunciaron irregularidades en el&#8230;<\/p>\n","protected":false},"author":3,"featured_media":0,"comment_status":"closed","ping_status":"closed","sticky":false,"template":"","format":"standard","meta":{"footnotes":""},"categories":[4],"tags":[],"class_list":["post-86423","post","type-post","status-publish","format-standard","hentry","category-noticias-del-dia"],"_links":{"self":[{"href":"https:\/\/bambapolitica.com.mx\/index.php\/wp-json\/wp\/v2\/posts\/86423","targetHints":{"allow":["GET"]}}],"collection":[{"href":"https:\/\/bambapolitica.com.mx\/index.php\/wp-json\/wp\/v2\/posts"}],"about":[{"href":"https:\/\/bambapolitica.com.mx\/index.php\/wp-json\/wp\/v2\/types\/post"}],"author":[{"embeddable":true,"href":"https:\/\/bambapolitica.com.mx\/index.php\/wp-json\/wp\/v2\/users\/3"}],"replies":[{"embeddable":true,"href":"https:\/\/bambapolitica.com.mx\/index.php\/wp-json\/wp\/v2\/comments?post=86423"}],"version-history":[{"count":1,"href":"https:\/\/bambapolitica.com.mx\/index.php\/wp-json\/wp\/v2\/posts\/86423\/revisions"}],"predecessor-version":[{"id":86425,"href":"https:\/\/bambapolitica.com.mx\/index.php\/wp-json\/wp\/v2\/posts\/86423\/revisions\/86425"}],"wp:attachment":[{"href":"https:\/\/bambapolitica.com.mx\/index.php\/wp-json\/wp\/v2\/media?parent=86423"}],"wp:term":[{"taxonomy":"category","embeddable":true,"href":"https:\/\/bambapolitica.com.mx\/index.php\/wp-json\/wp\/v2\/categories?post=86423"},{"taxonomy":"post_tag","embeddable":true,"href":"https:\/\/bambapolitica.com.mx\/index.php\/wp-json\/wp\/v2\/tags?post=86423"}],"curies":[{"name":"wp","href":"https:\/\/api.w.org\/{rel}","templated":true}]}}