{"id":86427,"date":"2025-10-20T09:20:49","date_gmt":"2025-10-20T15:20:49","guid":{"rendered":"https:\/\/bambapolitica.com.mx\/?p=86427"},"modified":"2025-10-20T09:21:35","modified_gmt":"2025-10-20T15:21:35","slug":"caminata-rosa-por-avenidas-gante-y-juarez-organizada-por-el-dif-texcoco","status":"publish","type":"post","link":"https:\/\/bambapolitica.com.mx\/index.php\/2025\/10\/20\/caminata-rosa-por-avenidas-gante-y-juarez-organizada-por-el-dif-texcoco\/","title":{"rendered":"Caminata Rosa por avenidas Gante y Ju\u00e1rez organizada por el DIF Texcoco"},"content":{"rendered":"\n<p>Prevenir concientizar y apoyar a todas las mujeres que luchan y han luchado contra el c\u00e1ncer de mama<\/p>\n\n\n\n<p>La Presidenta Honoraria del Sistema DIF de Texcoco, Lic. Yesenia Armas Tob\u00f3n encabez\u00f3 la Caminata Rosa, acompa\u00f1ada por el alcalde Lic. Nazario Guti\u00e9rrez Mart\u00ednez, donde mujeres j\u00f3venes y adultas mostraron su gran ah\u00ednco para luchar contra el c\u00e1ncer mamario, inici\u00e1ndose el recorrido por las avenidas Fray Pedro de Gante y al llegar a la EPT el regreso fue por Ju\u00e1rez, hasta llegar al Jard\u00edn Central Texcocano.<\/p>\n\n\n\n<p>Ah\u00ed, la titular del Sistema DIF de Texcoco, convoc\u00f3 a todas las personas que realizaron el recorrido y otras que se sumaron en la explanada, comenzaron a bailar zumba con mucha energ\u00eda, incluyendo directoras y directores de las diversas \u00e1reas del Gobierno Municipal, una verdadera fiesta rosa con porras y aplauso contra el c\u00e1ncer de mama.<\/p>\n\n\n\n<p>Muestra de ello, que Texcoco se pint\u00f3 de rosa por la vida y la esperanza, donde diverso grupos de pacientes sobrevivientes mostraron que se puede, sobre todo con el respaldo y apoyo de la familia. D\u00eda Municipal de la Lucha contra el C\u00e1ncer de Mama.<\/p>\n\n\n\n<p>Adem\u00e1s, el presidente municipal de Texcoco \u2019Amigo del Pueblo\u2019 dio el ejemplo al respaldar total mente los programas del Sistema DIF Texcocano, donde tambi\u00e9n participo en el baile de Zumba e impulsando a las mujeres de todas las edades, quienes cada momento se acercaban para platicar y tomarse la gr\u00e1fica del recuerdo.<\/p>\n\n\n\n<p>Al respecto, el alcalde Nazario Guti\u00e9rrez coincidi\u00f3 que: \u2019Con gran emoci\u00f3n, vivimos la Caminata Rosa DIF Texcoco 2025, presidida por nuestra presidenta Lic. Yesenia Armas Tob\u00f3n, quien con su ejemplo nos inspira a caminar unidos por la salud y la prevenci\u00f3n. Hoy Texcoco camin\u00f3 de la mano, con esperanza, amor y solidaridad; sigamos construyendo una comunidad que se cuida, se abraza y lucha unida\u2019.<\/p>\n\n\n\n<p>Cada paso, cada sonrisa y cada prenda rosa fueron un recordatorio de que la detecci\u00f3n temprana puede marcar la diferencia. Por \u00faltimo se agradeci\u00f3 la participaci\u00f3n del personal del Sistema DIF Texcocano, que contribuyeron a que este ejercicio saliera de lo mejor\u2026<\/p>\n\n\n\n<figure class=\"wp-block-gallery has-nested-images columns-default is-cropped wp-block-gallery-1 is-layout-flex wp-block-gallery-is-layout-flex\">\n<figure class=\"wp-block-image size-large\"><img loading=\"lazy\" decoding=\"async\" width=\"960\" height=\"722\" data-id=\"86428\" src=\"https:\/\/bambapolitica.com.mx\/wp-content\/uploads\/2025\/10\/IMG_6734.jpeg\" alt=\"\" class=\"wp-image-86428\" srcset=\"https:\/\/bambapolitica.com.mx\/wp-content\/uploads\/2025\/10\/IMG_6734.jpeg 960w, https:\/\/bambapolitica.com.mx\/wp-content\/uploads\/2025\/10\/IMG_6734-300x226.jpeg 300w, https:\/\/bambapolitica.com.mx\/wp-content\/uploads\/2025\/10\/IMG_6734-768x578.jpeg 768w\" sizes=\"auto, (max-width: 960px) 100vw, 960px\" \/><\/figure>\n<\/figure>\n","protected":false},"excerpt":{"rendered":"<p>Prevenir concientizar y apoyar a todas las mujeres que luchan y han luchado contra el&#8230;<\/p>\n","protected":false},"author":3,"featured_media":0,"comment_status":"closed","ping_status":"closed","sticky":false,"template":"","format":"standard","meta":{"footnotes":""},"categories":[4],"tags":[],"class_list":["post-86427","post","type-post","status-publish","format-standard","hentry","category-noticias-del-dia"],"_links":{"self":[{"href":"https:\/\/bambapolitica.com.mx\/index.php\/wp-json\/wp\/v2\/posts\/86427","targetHints":{"allow":["GET"]}}],"collection":[{"href":"https:\/\/bambapolitica.com.mx\/index.php\/wp-json\/wp\/v2\/posts"}],"about":[{"href":"https:\/\/bambapolitica.com.mx\/index.php\/wp-json\/wp\/v2\/types\/post"}],"author":[{"embeddable":true,"href":"https:\/\/bambapolitica.com.mx\/index.php\/wp-json\/wp\/v2\/users\/3"}],"replies":[{"embeddable":true,"href":"https:\/\/bambapolitica.com.mx\/index.php\/wp-json\/wp\/v2\/comments?post=86427"}],"version-history":[{"count":1,"href":"https:\/\/bambapolitica.com.mx\/index.php\/wp-json\/wp\/v2\/posts\/86427\/revisions"}],"predecessor-version":[{"id":86429,"href":"https:\/\/bambapolitica.com.mx\/index.php\/wp-json\/wp\/v2\/posts\/86427\/revisions\/86429"}],"wp:attachment":[{"href":"https:\/\/bambapolitica.com.mx\/index.php\/wp-json\/wp\/v2\/media?parent=86427"}],"wp:term":[{"taxonomy":"category","embeddable":true,"href":"https:\/\/bambapolitica.com.mx\/index.php\/wp-json\/wp\/v2\/categories?post=86427"},{"taxonomy":"post_tag","embeddable":true,"href":"https:\/\/bambapolitica.com.mx\/index.php\/wp-json\/wp\/v2\/tags?post=86427"}],"curies":[{"name":"wp","href":"https:\/\/api.w.org\/{rel}","templated":true}]}}