{"id":86436,"date":"2025-10-20T11:04:50","date_gmt":"2025-10-20T17:04:50","guid":{"rendered":"https:\/\/bambapolitica.com.mx\/?p=86436"},"modified":"2025-10-20T11:04:59","modified_gmt":"2025-10-20T17:04:59","slug":"llama-claudio-x-gonzalez-a-reanimar-a-la-marea-rosa","status":"publish","type":"post","link":"https:\/\/bambapolitica.com.mx\/index.php\/2025\/10\/20\/llama-claudio-x-gonzalez-a-reanimar-a-la-marea-rosa\/","title":{"rendered":"Llama Claudio X. Gonz\u00e1lez a \u2018reanimar a la Marea Rosa\u2019"},"content":{"rendered":"\n<p>El empresario y activista Claudio X. Gonz\u00e1lez advirti\u00f3 que la democracia mexicana \u201cest\u00e1 contra las cuerdas\u201d y convoc\u00f3 a reactivar la Marea Rosa para defender un \u00e1rbitro electoral justo.<\/p>\n\n\n\n<p>El\u00a0<a href=\"https:\/\/www.elfinanciero.com.mx\/nacional\/2025\/01\/14\/claudio-x-gonzalez-respalda-a-sheinbaum-reconoce-que-la-4t-le-bajo-una-rayita-a-la-polarizacion\/\">empresario Claudio X. Gonz\u00e1lez<\/a>\u00a0alert\u00f3 que con la\u00a0<a href=\"https:\/\/www.elfinanciero.com.mx\/nacional\/2025\/08\/03\/reforma-electoral-de-claudia-sheinbaum-que-modificaciones-tendra-el-ine-y-partidos-politicos-claves-para-entenderla\/\">reforma electoral que ha planteado la presidenta Claudia Sheinbaum<\/a>\u00a0\u201cla democracia est\u00e1 nuevamente amenazada\u201d y conmin\u00f3 a \u201creanimar la\u00a0<strong>Marea Rosa<\/strong>\u201d y a movilizar a la ciudadan\u00eda en los 32 estados.<\/p>\n\n\n\n<p>En entrevista en el&nbsp;<a href=\"https:\/\/www.elfinanciero.com.mx\/tv\/la-silla-roja\/\">programa La Silla Roja, de El Financiero Televisi\u00f3n<\/a>, cuestion\u00f3: \u201c\u00bfQu\u00e9 hacemos? Los partidos de oposici\u00f3n, los medios de comunicaci\u00f3n deber\u00e1n hacer su parte, los empresarios deber\u00edan hacer su parte, est\u00e1n muy flojitos en hacer su parte. Cada quien debe hacer su parte\u201d.<\/p>\n\n\n\n<p>A trav\u00e9s de una nueva \u201c<strong>iniciativa ciudadana\u201d en materia electoral<\/strong>, se dispone a movilizar a la gente para convertirla en \u201cvigilantes de la democracia\u201d, y a exigir, a trav\u00e9s de una iniciativa de los ciudadanos, al Congreso de la Uni\u00f3n una&nbsp;<a href=\"https:\/\/www.elfinanciero.com.mx\/nacional\/2025\/10\/08\/marea-rosa-lanza-propuesta-de-reforma-electoral-necesitan-130-mil-firmas-para-que-sea-discutida\/\">reforma electoral alterna<\/a>.<\/p>\n\n\n\n<p>Anunci\u00f3 que se recolectar\u00e1n 130 mil firmas de ciudadanos, autorizadas por el INE, para presentar esa iniciativa ciudadana y \u201cel Congreso tiene la obligaci\u00f3n de&nbsp;<strong>dictaminar en comisiones<\/strong>&nbsp;y de decidir si se acepta o no\u201d.<\/p>\n\n\n\n<p>Lo que se busca con su propuesta es \u2013precis\u00f3\u2013 \u201cun \u00e1rbitro electoral justo, cancha pareja, sacar a la\u00a0<strong>delincuencia organizada de las elecciones\u00a0<\/strong>con toda la cauda de recursos, no m\u00e1s dinero del huachicol y no m\u00e1s a la sobrerrepresentaci\u00f3n porque violenta la voluntad de los ciudadanos\u201d.<\/p>\n\n\n\n<p>\u201cHay que desnudar su designio autoritario, subirle el costo pol\u00edtico por hacerle da\u00f1o a lo que nos resta de democracia\u201d, afirm\u00f3, lo que se puede lograr \u2013explic\u00f3\u2013, con lo que digan la oposici\u00f3n, los empresarios, el\u00a0<a href=\"https:\/\/www.elfinanciero.com.mx\/nacional\/2025\/09\/09\/el-partido-verde-cierra-filas-con-sheinbaum-pero-no-aclara-respaldo-a-morena\/\">descontento del PVEM y el PT<\/a>, que no est\u00e1n a gusto con lo que se dice de los\u00a0<strong>plurinominales<\/strong>\u00a0y de reducir los\u00a0<a href=\"https:\/\/www.elfinanciero.com.mx\/nacional\/2025\/08\/19\/en-la-mira-de-pablo-gomez-recursos-a-partidos-politicos-hay-financiamiento-ilegal-privado-afirma\/\">recursos de los partidos<\/a>, y con la\u00a0<a href=\"https:\/\/www.elfinanciero.com.mx\/nacional\/2025\/08\/03\/juntos-haran-historia-monreal-reconoce-division-en-morena-de-cara-a-las-elecciones-2027\/\">divisi\u00f3n interna que traen en Morena<\/a>\u201d, recomend\u00f3.<\/p>\n\n\n\n<p>El tambi\u00e9n dirigente social \u2013que acudi\u00f3 a la reuni\u00f3n para el&nbsp;<a href=\"https:\/\/www.elfinanciero.com.mx\/nacional\/2025\/10\/18\/pan-renueva-logo-y-estrategia-rumbo-a-2027-cuales-son-los-cambios\/\">relanzamiento del PAN<\/a>\u2013 consider\u00f3 que \u201cla democracia mexicana est\u00e1 contra las cuerdas y Morena est\u00e1 encima y golpe\u00e1ndola permanentemente. Desde que lleg\u00f3 el&nbsp;<strong>presidente L\u00f3pez Obrador<\/strong>, hace siete a\u00f1os, y la p<strong>residenta Sheinbaum<\/strong>&nbsp;hace uno y pico, han malgobernado este pa\u00eds\u201d, critic\u00f3.<\/p>\n\n\n\n<p>\u201cEl expresidente L\u00f3pez Obrador y la presidenta Sheinbaum no se consideran presidentes de todos los mexicanos, s\u00f3lo de algunos mexicanos y quieren asegurarse, como sucedi\u00f3 en otro momento, en ese periodo hegem\u00f3nico priista, y lo quieren reproducir\u201d.<\/p>\n\n\n\n<p>\u201cSe han quedado con el poder Ejecutivo a trav\u00e9s de elecciones de Estado, donde todo opera para ganar el poder, desde la ma\u00f1anera hasta las campa\u00f1as anticipadas, el uso de los programas sociales en un sentido clientelar, la compra de maquinaria territorial electoral, la compra directa del voto\u201d.<br><br><br>Por eso, \u201ces ileg\u00edtimo este r\u00e9gimen, \u00a1carajo, hay que decirlo!\u201d, afirm\u00f3.<\/p>\n\n\n\n<p><br><br><br><br><br><br><br><br><br><\/p>\n\n\n\n<p><\/p>\n\n\n\n<p><\/p>\n","protected":false},"excerpt":{"rendered":"<p>El empresario y activista Claudio X. Gonz\u00e1lez advirti\u00f3 que la democracia mexicana \u201cest\u00e1 contra las&#8230;<\/p>\n","protected":false},"author":3,"featured_media":86437,"comment_status":"closed","ping_status":"closed","sticky":false,"template":"","format":"standard","meta":{"footnotes":""},"categories":[4],"tags":[],"class_list":["post-86436","post","type-post","status-publish","format-standard","has-post-thumbnail","hentry","category-noticias-del-dia"],"_links":{"self":[{"href":"https:\/\/bambapolitica.com.mx\/index.php\/wp-json\/wp\/v2\/posts\/86436","targetHints":{"allow":["GET"]}}],"collection":[{"href":"https:\/\/bambapolitica.com.mx\/index.php\/wp-json\/wp\/v2\/posts"}],"about":[{"href":"https:\/\/bambapolitica.com.mx\/index.php\/wp-json\/wp\/v2\/types\/post"}],"author":[{"embeddable":true,"href":"https:\/\/bambapolitica.com.mx\/index.php\/wp-json\/wp\/v2\/users\/3"}],"replies":[{"embeddable":true,"href":"https:\/\/bambapolitica.com.mx\/index.php\/wp-json\/wp\/v2\/comments?post=86436"}],"version-history":[{"count":1,"href":"https:\/\/bambapolitica.com.mx\/index.php\/wp-json\/wp\/v2\/posts\/86436\/revisions"}],"predecessor-version":[{"id":86438,"href":"https:\/\/bambapolitica.com.mx\/index.php\/wp-json\/wp\/v2\/posts\/86436\/revisions\/86438"}],"wp:featuredmedia":[{"embeddable":true,"href":"https:\/\/bambapolitica.com.mx\/index.php\/wp-json\/wp\/v2\/media\/86437"}],"wp:attachment":[{"href":"https:\/\/bambapolitica.com.mx\/index.php\/wp-json\/wp\/v2\/media?parent=86436"}],"wp:term":[{"taxonomy":"category","embeddable":true,"href":"https:\/\/bambapolitica.com.mx\/index.php\/wp-json\/wp\/v2\/categories?post=86436"},{"taxonomy":"post_tag","embeddable":true,"href":"https:\/\/bambapolitica.com.mx\/index.php\/wp-json\/wp\/v2\/tags?post=86436"}],"curies":[{"name":"wp","href":"https:\/\/api.w.org\/{rel}","templated":true}]}}