{"id":86441,"date":"2025-10-30T00:01:20","date_gmt":"2025-10-30T06:01:20","guid":{"rendered":"https:\/\/bambapolitica.com.mx\/?p=86441"},"modified":"2025-10-30T00:14:58","modified_gmt":"2025-10-30T06:14:58","slug":"los-panteones-de-texcoco-estan-habilitados-para-el-dia-de-muertos","status":"publish","type":"post","link":"https:\/\/bambapolitica.com.mx\/index.php\/2025\/10\/30\/los-panteones-de-texcoco-estan-habilitados-para-el-dia-de-muertos\/","title":{"rendered":"LOS PANTEONES DE TEXCOCO EST\u00c1N HABILITADOS PARA EL D\u00cdA DE MUERTOS"},"content":{"rendered":"\n<p>Se realizaron trabajos de rehabilitaci\u00f3n y limpieza en panteones municipales<\/p>\n\n\n\n<p>\u2022 Se estableci\u00f3 una operativo de seguridad con la Direcci\u00f3n de Seguridad P\u00fablica y Movilidad<\/p>\n\n\n\n<p>\u2022 Los comerciantes en panteones deber\u00e1n respetar las normas de higiene y calidad en la venta de alimentos<\/p>\n\n\n\n<p>Los panteones en Texcoco se encuentran listos para recibir a los visitantes en esta temporada de muertos, en un horario de 7:00 a 19:00 horas, los d\u00edas 29, 30, 31 de octubre y 1 y 2 de noviembre para mayor seguridad.<\/p>\n\n\n\n<p>El Secretario del Ayuntamiento Alfonso Valtierra Guzm\u00e1n, se\u00f1al\u00f3 que por instrucciones del presidente municipal Nazario Guti\u00e9rrez Mart\u00ednez, se realizaron labores de limpieza y rehabilitaci\u00f3n en panteones administrados por el municipio y se instruy\u00f3 a las autoridades auxiliares para que en las comunidades hagan lo propio.<\/p>\n\n\n\n<p>Agreg\u00f3 que de acuerdo con el Instituto de Salud del Estado de M\u00e9xico, tambi\u00e9n se present\u00f3 a las autoridades auxiliares las disposiciones en materia de salud para vendedores de alimentos en la zonas de panteones, a quienes se les han exigido se capaciten sobre buenas pr\u00e1cticas de higiene y sanidad en la preparaci\u00f3n de alimentos de acuerdo con la Norma Oficial Mexicana NOM-21-SSA1-2209 \u201cBienes y Servicios\u201d.<\/p>\n\n\n\n<p>A quienes administran los panteones se les ha instruido para el aprovisionamiento de agua potable; el lavado y desinfecci\u00f3n de dep\u00f3sitos de agua, incluyendo piletas; instalar contenedores de basura; y la supervisi\u00f3n de la correcta disposici\u00f3n de los desechos.<\/p>\n\n\n\n<p>Por su parte el Director de Servicios P\u00fablicos Andr\u00e9s Barr\u00f3n, se\u00f1al\u00f3 que en los panteones a cargo del gobierno municipal se realizaron labores de limpieza, verificando el suministro de agua potable suficiente, y el correcto funcionamiento de las tomas de agua.<\/p>\n\n\n\n<p>Tambi\u00e9n se han realizado jornadas de limpieza en la periferia de los panteones con la finalidad de hacer m\u00e1s grata la visita a los camposantos.<\/p>\n\n\n\n<p>El Director de Seguridad P\u00fablica y Movilidad Roberto Hern\u00e1ndez Romero, afirm\u00f3 que siguiendo las pol\u00edticas p\u00fablicas del Gobierno Municipal de Texcoco que encabeza Nazario Guti\u00e9rrez Mart\u00ednez, para garantizar la seguridad y la movilidad en Texcoco en esta temporada, se ha implementado un operativo para agilizar el tr\u00e1fico en las zona de mayor afluencia, as\u00ed como para seguridad de los visitantes a los panteones esta temporada.<\/p>\n\n\n\n<p>De esta forma a partir de este 29 de octubre los panteones en Texcoco est\u00e1n habilitados para facilitar los accesos a las familias que esta temporada acuden a visitar a sus difuntos a los camposantos.<\/p>\n\n\n\n<figure class=\"wp-block-gallery has-nested-images columns-default is-cropped wp-block-gallery-1 is-layout-flex wp-block-gallery-is-layout-flex\">\n<figure class=\"wp-block-image size-large\"><img loading=\"lazy\" decoding=\"async\" width=\"576\" height=\"1024\" data-id=\"86443\" src=\"https:\/\/bambapolitica.com.mx\/wp-content\/uploads\/2025\/10\/F2D5CB65-A3C6-4305-9A23-0DDD0CF06CA1-576x1024.png\" alt=\"\" class=\"wp-image-86443\" srcset=\"https:\/\/bambapolitica.com.mx\/wp-content\/uploads\/2025\/10\/F2D5CB65-A3C6-4305-9A23-0DDD0CF06CA1-576x1024.png 576w, https:\/\/bambapolitica.com.mx\/wp-content\/uploads\/2025\/10\/F2D5CB65-A3C6-4305-9A23-0DDD0CF06CA1-169x300.png 169w, https:\/\/bambapolitica.com.mx\/wp-content\/uploads\/2025\/10\/F2D5CB65-A3C6-4305-9A23-0DDD0CF06CA1-768x1365.png 768w, https:\/\/bambapolitica.com.mx\/wp-content\/uploads\/2025\/10\/F2D5CB65-A3C6-4305-9A23-0DDD0CF06CA1-864x1536.png 864w, https:\/\/bambapolitica.com.mx\/wp-content\/uploads\/2025\/10\/F2D5CB65-A3C6-4305-9A23-0DDD0CF06CA1.png 900w\" sizes=\"auto, (max-width: 576px) 100vw, 576px\" \/><\/figure>\n<\/figure>\n\n\n\n<figure class=\"wp-block-gallery has-nested-images columns-default is-cropped wp-block-gallery-2 is-layout-flex wp-block-gallery-is-layout-flex\">\n<figure class=\"wp-block-image size-large\"><img loading=\"lazy\" decoding=\"async\" width=\"576\" height=\"1024\" data-id=\"86448\" src=\"https:\/\/bambapolitica.com.mx\/wp-content\/uploads\/2025\/10\/36C84653-56F8-419A-9423-1E9D4213229C-576x1024.png\" alt=\"\" class=\"wp-image-86448\" srcset=\"https:\/\/bambapolitica.com.mx\/wp-content\/uploads\/2025\/10\/36C84653-56F8-419A-9423-1E9D4213229C-576x1024.png 576w, https:\/\/bambapolitica.com.mx\/wp-content\/uploads\/2025\/10\/36C84653-56F8-419A-9423-1E9D4213229C-169x300.png 169w, https:\/\/bambapolitica.com.mx\/wp-content\/uploads\/2025\/10\/36C84653-56F8-419A-9423-1E9D4213229C-768x1365.png 768w, https:\/\/bambapolitica.com.mx\/wp-content\/uploads\/2025\/10\/36C84653-56F8-419A-9423-1E9D4213229C-864x1536.png 864w, https:\/\/bambapolitica.com.mx\/wp-content\/uploads\/2025\/10\/36C84653-56F8-419A-9423-1E9D4213229C.png 900w\" sizes=\"auto, (max-width: 576px) 100vw, 576px\" \/><\/figure>\n<\/figure>\n\n\n\n<figure class=\"wp-block-gallery has-nested-images columns-default is-cropped wp-block-gallery-3 is-layout-flex wp-block-gallery-is-layout-flex\">\n<figure class=\"wp-block-image size-large\"><img loading=\"lazy\" decoding=\"async\" width=\"390\" height=\"844\" data-id=\"86442\" src=\"https:\/\/bambapolitica.com.mx\/wp-content\/uploads\/2025\/10\/Sin-titulo.png\" alt=\"\" class=\"wp-image-86442\" srcset=\"https:\/\/bambapolitica.com.mx\/wp-content\/uploads\/2025\/10\/Sin-titulo.png 390w, https:\/\/bambapolitica.com.mx\/wp-content\/uploads\/2025\/10\/Sin-titulo-139x300.png 139w\" sizes=\"auto, (max-width: 390px) 100vw, 390px\" \/><\/figure>\n<\/figure>\n","protected":false},"excerpt":{"rendered":"<p>Se realizaron trabajos de rehabilitaci\u00f3n y limpieza en panteones municipales \u2022 Se estableci\u00f3 una operativo&#8230;<\/p>\n","protected":false},"author":3,"featured_media":0,"comment_status":"closed","ping_status":"closed","sticky":false,"template":"","format":"standard","meta":{"footnotes":""},"categories":[4],"tags":[],"class_list":["post-86441","post","type-post","status-publish","format-standard","hentry","category-noticias-del-dia"],"_links":{"self":[{"href":"https:\/\/bambapolitica.com.mx\/index.php\/wp-json\/wp\/v2\/posts\/86441","targetHints":{"allow":["GET"]}}],"collection":[{"href":"https:\/\/bambapolitica.com.mx\/index.php\/wp-json\/wp\/v2\/posts"}],"about":[{"href":"https:\/\/bambapolitica.com.mx\/index.php\/wp-json\/wp\/v2\/types\/post"}],"author":[{"embeddable":true,"href":"https:\/\/bambapolitica.com.mx\/index.php\/wp-json\/wp\/v2\/users\/3"}],"replies":[{"embeddable":true,"href":"https:\/\/bambapolitica.com.mx\/index.php\/wp-json\/wp\/v2\/comments?post=86441"}],"version-history":[{"count":2,"href":"https:\/\/bambapolitica.com.mx\/index.php\/wp-json\/wp\/v2\/posts\/86441\/revisions"}],"predecessor-version":[{"id":86449,"href":"https:\/\/bambapolitica.com.mx\/index.php\/wp-json\/wp\/v2\/posts\/86441\/revisions\/86449"}],"wp:attachment":[{"href":"https:\/\/bambapolitica.com.mx\/index.php\/wp-json\/wp\/v2\/media?parent=86441"}],"wp:term":[{"taxonomy":"category","embeddable":true,"href":"https:\/\/bambapolitica.com.mx\/index.php\/wp-json\/wp\/v2\/categories?post=86441"},{"taxonomy":"post_tag","embeddable":true,"href":"https:\/\/bambapolitica.com.mx\/index.php\/wp-json\/wp\/v2\/tags?post=86441"}],"curies":[{"name":"wp","href":"https:\/\/api.w.org\/{rel}","templated":true}]}}