{"id":86445,"date":"2025-10-30T00:10:35","date_gmt":"2025-10-30T06:10:35","guid":{"rendered":"https:\/\/bambapolitica.com.mx\/?p=86445"},"modified":"2025-10-30T00:10:48","modified_gmt":"2025-10-30T06:10:48","slug":"la-poesia-une-a-los-seres-humanos-para-luchar-por-grandes-causas-como-la-libertad-y-la-justicia-social","status":"publish","type":"post","link":"https:\/\/bambapolitica.com.mx\/index.php\/2025\/10\/30\/la-poesia-une-a-los-seres-humanos-para-luchar-por-grandes-causas-como-la-libertad-y-la-justicia-social\/","title":{"rendered":"La poes\u00eda une a los seres humanos para luchar por grandes causas como la libertad y la justicia social"},"content":{"rendered":"\n<p>*Exitosa la III Jornada Nacional de Declamaci\u00f3n de Antorcha al reunir a 2 mil 500 declamadores y m\u00e1s de 20 mil espectadores.<\/p>\n\n\n\n<p>*Con la declamaci\u00f3n de poes\u00edas se denuncian injusticias y atropellos contra el pueblo.<\/p>\n\n\n\n<p>Ciudad de M\u00e9xico.- La declamaci\u00f3n de poes\u00edas une a los seres humanos para luchar por las grandes y mismas causas como la libertad y por justicia social para que todos los mexicanos tengan una vida m\u00e1s digna y con menos sufrimientos generados por la pobreza y marginaci\u00f3n lacerantes; por la incontrolable violencia e inseguridad o por la indiferencia y soberbia de los gobernantes; con ese objetivo planteado fue un \u00e9xito la \u201cIII Jornada Nacional de Declamaci\u00f3n 2025\u201d que organiz\u00f3 el Movimiento Antorchista Nacional y que logr\u00f3 reunir a 2 mil 500 declamadores, principalmente ni\u00f1os y j\u00f3venes y m\u00e1s de 20 mil espectadores.<\/p>\n\n\n\n<figure class=\"wp-block-gallery has-nested-images columns-default is-cropped wp-block-gallery-1 is-layout-flex wp-block-gallery-is-layout-flex\">\n<figure class=\"wp-block-image size-large\"><img loading=\"lazy\" decoding=\"async\" width=\"1024\" height=\"687\" data-id=\"86446\" src=\"https:\/\/bambapolitica.com.mx\/wp-content\/uploads\/2025\/10\/81F282FC-4581-476A-B24E-B92BCD33B153-1024x687.jpeg\" alt=\"\" class=\"wp-image-86446\" srcset=\"https:\/\/bambapolitica.com.mx\/wp-content\/uploads\/2025\/10\/81F282FC-4581-476A-B24E-B92BCD33B153-1024x687.jpeg 1024w, https:\/\/bambapolitica.com.mx\/wp-content\/uploads\/2025\/10\/81F282FC-4581-476A-B24E-B92BCD33B153-300x201.jpeg 300w, https:\/\/bambapolitica.com.mx\/wp-content\/uploads\/2025\/10\/81F282FC-4581-476A-B24E-B92BCD33B153-768x515.jpeg 768w, https:\/\/bambapolitica.com.mx\/wp-content\/uploads\/2025\/10\/81F282FC-4581-476A-B24E-B92BCD33B153.jpeg 1509w\" sizes=\"auto, (max-width: 1024px) 100vw, 1024px\" \/><\/figure>\n<\/figure>\n","protected":false},"excerpt":{"rendered":"<p>*Exitosa la III Jornada Nacional de Declamaci\u00f3n de Antorcha al reunir a 2 mil 500&#8230;<\/p>\n","protected":false},"author":3,"featured_media":0,"comment_status":"closed","ping_status":"closed","sticky":false,"template":"","format":"standard","meta":{"footnotes":""},"categories":[4],"tags":[],"class_list":["post-86445","post","type-post","status-publish","format-standard","hentry","category-noticias-del-dia"],"_links":{"self":[{"href":"https:\/\/bambapolitica.com.mx\/index.php\/wp-json\/wp\/v2\/posts\/86445","targetHints":{"allow":["GET"]}}],"collection":[{"href":"https:\/\/bambapolitica.com.mx\/index.php\/wp-json\/wp\/v2\/posts"}],"about":[{"href":"https:\/\/bambapolitica.com.mx\/index.php\/wp-json\/wp\/v2\/types\/post"}],"author":[{"embeddable":true,"href":"https:\/\/bambapolitica.com.mx\/index.php\/wp-json\/wp\/v2\/users\/3"}],"replies":[{"embeddable":true,"href":"https:\/\/bambapolitica.com.mx\/index.php\/wp-json\/wp\/v2\/comments?post=86445"}],"version-history":[{"count":1,"href":"https:\/\/bambapolitica.com.mx\/index.php\/wp-json\/wp\/v2\/posts\/86445\/revisions"}],"predecessor-version":[{"id":86447,"href":"https:\/\/bambapolitica.com.mx\/index.php\/wp-json\/wp\/v2\/posts\/86445\/revisions\/86447"}],"wp:attachment":[{"href":"https:\/\/bambapolitica.com.mx\/index.php\/wp-json\/wp\/v2\/media?parent=86445"}],"wp:term":[{"taxonomy":"category","embeddable":true,"href":"https:\/\/bambapolitica.com.mx\/index.php\/wp-json\/wp\/v2\/categories?post=86445"},{"taxonomy":"post_tag","embeddable":true,"href":"https:\/\/bambapolitica.com.mx\/index.php\/wp-json\/wp\/v2\/tags?post=86445"}],"curies":[{"name":"wp","href":"https:\/\/api.w.org\/{rel}","templated":true}]}}