{"id":86450,"date":"2025-10-30T00:28:43","date_gmt":"2025-10-30T06:28:43","guid":{"rendered":"https:\/\/bambapolitica.com.mx\/?p=86450"},"modified":"2025-10-30T00:28:43","modified_gmt":"2025-10-30T06:28:43","slug":"en-ecatepec-se-acabo-el-huachicol-y-el-desabasto-de-agua-potable-azucena-cisneros","status":"publish","type":"post","link":"https:\/\/bambapolitica.com.mx\/index.php\/2025\/10\/30\/en-ecatepec-se-acabo-el-huachicol-y-el-desabasto-de-agua-potable-azucena-cisneros\/","title":{"rendered":"En Ecatepec se acab\u00f3 el huachicol y el desabasto de agua potable: Azucena Cisneros."},"content":{"rendered":"\n<p>-La Presidenta Municipal de Ecatepec, Azucena Cisneros Coss, afirm\u00f3 que Ecatepec no enfrenta desabasto, ni crisis y tampoco \u201chuachicol\u201d de agua potable, pues desde el primer d\u00eda de su gobierno trabaja para recuperar el l\u00edquido por la red.\u00a0<\/p>\n\n\n\n<p>La edil&nbsp;&nbsp;aclar\u00f3 que hospitales como el&nbsp;&nbsp;Las Am\u00e9ricas,&nbsp;&nbsp;Jos\u00e9 Mar\u00eda Rodr\u00edguez, el Instituto de Seguridad Social del Estado de M\u00e9xico y Municipios (Isssemym), cuentan con agua potable para proporcionar sus servicios.<\/p>\n\n\n\n<p>Cisneros Coss refiri\u00f3 que en el caso del penal de Chiconautla, que desde hace a\u00f1os no cuenta con agua por la red, mantiene di\u00e1logo con autoridades estatales para regularizar el servicio y brindarlo por la tuber\u00eda.<\/p>\n\n\n\n<p>*\u201cEn Ecatepec no hay desabasto de agua, no hay crisis y tampoco hay huachicoleo. Aqu\u00ed es &#8220;tolerancia cero&#8221; al huachicoleo del agua. Llevamos 300 mil ciudadanos que han recuperado el agua por la red, que ten\u00edan 17 a\u00f1os, 10 a\u00f1os, 7 a\u00f1os, colonias completas \u201c,* mencion\u00f3.<\/p>\n\n\n\n<p>Se\u00f1al\u00f3 que el gobierno municipal rompi\u00f3 las inercias de complicidad que exist\u00edan e invit\u00f3 a los encargados de empresas, cl\u00ednicas particulares y negocios, entre otros, a realizar su contrato para que tengan agua por la red y no sufran por el l\u00edquido.<\/p>\n\n\n\n<p>*\u201cNecesitamos que todos los sectores y que todos los ciudadanos cierren filas en este tema. No es un asunto solo del gobierno, es un asunto de todos los sectores porque son inercias que hay que ir rompiendo y nosotros estamos dispuestos a ponerles su red de agua\u201d,* insisti\u00f3.<\/p>\n\n\n\n<figure class=\"wp-block-gallery has-nested-images columns-default is-cropped wp-block-gallery-1 is-layout-flex wp-block-gallery-is-layout-flex\">\n<figure class=\"wp-block-image size-large\"><img loading=\"lazy\" decoding=\"async\" width=\"1024\" height=\"768\" data-id=\"86451\" src=\"https:\/\/bambapolitica.com.mx\/wp-content\/uploads\/2025\/10\/9aa79d89-6ce2-4701-a68d-df341462890d-1024x768.jpeg\" alt=\"\" class=\"wp-image-86451\" srcset=\"https:\/\/bambapolitica.com.mx\/wp-content\/uploads\/2025\/10\/9aa79d89-6ce2-4701-a68d-df341462890d-1024x768.jpeg 1024w, https:\/\/bambapolitica.com.mx\/wp-content\/uploads\/2025\/10\/9aa79d89-6ce2-4701-a68d-df341462890d-300x225.jpeg 300w, https:\/\/bambapolitica.com.mx\/wp-content\/uploads\/2025\/10\/9aa79d89-6ce2-4701-a68d-df341462890d-768x576.jpeg 768w, https:\/\/bambapolitica.com.mx\/wp-content\/uploads\/2025\/10\/9aa79d89-6ce2-4701-a68d-df341462890d.jpeg 1280w\" sizes=\"auto, (max-width: 1024px) 100vw, 1024px\" \/><\/figure>\n<\/figure>\n","protected":false},"excerpt":{"rendered":"<p>-La Presidenta Municipal de Ecatepec, Azucena Cisneros Coss, afirm\u00f3 que Ecatepec no enfrenta desabasto, ni&#8230;<\/p>\n","protected":false},"author":3,"featured_media":0,"comment_status":"closed","ping_status":"closed","sticky":false,"template":"","format":"standard","meta":{"footnotes":""},"categories":[4],"tags":[],"class_list":["post-86450","post","type-post","status-publish","format-standard","hentry","category-noticias-del-dia"],"_links":{"self":[{"href":"https:\/\/bambapolitica.com.mx\/index.php\/wp-json\/wp\/v2\/posts\/86450","targetHints":{"allow":["GET"]}}],"collection":[{"href":"https:\/\/bambapolitica.com.mx\/index.php\/wp-json\/wp\/v2\/posts"}],"about":[{"href":"https:\/\/bambapolitica.com.mx\/index.php\/wp-json\/wp\/v2\/types\/post"}],"author":[{"embeddable":true,"href":"https:\/\/bambapolitica.com.mx\/index.php\/wp-json\/wp\/v2\/users\/3"}],"replies":[{"embeddable":true,"href":"https:\/\/bambapolitica.com.mx\/index.php\/wp-json\/wp\/v2\/comments?post=86450"}],"version-history":[{"count":1,"href":"https:\/\/bambapolitica.com.mx\/index.php\/wp-json\/wp\/v2\/posts\/86450\/revisions"}],"predecessor-version":[{"id":86452,"href":"https:\/\/bambapolitica.com.mx\/index.php\/wp-json\/wp\/v2\/posts\/86450\/revisions\/86452"}],"wp:attachment":[{"href":"https:\/\/bambapolitica.com.mx\/index.php\/wp-json\/wp\/v2\/media?parent=86450"}],"wp:term":[{"taxonomy":"category","embeddable":true,"href":"https:\/\/bambapolitica.com.mx\/index.php\/wp-json\/wp\/v2\/categories?post=86450"},{"taxonomy":"post_tag","embeddable":true,"href":"https:\/\/bambapolitica.com.mx\/index.php\/wp-json\/wp\/v2\/tags?post=86450"}],"curies":[{"name":"wp","href":"https:\/\/api.w.org\/{rel}","templated":true}]}}