{"id":86470,"date":"2025-10-30T09:15:00","date_gmt":"2025-10-30T15:15:00","guid":{"rendered":"https:\/\/bambapolitica.com.mx\/?p=86470"},"modified":"2025-10-30T09:15:07","modified_gmt":"2025-10-30T15:15:07","slug":"celebra-el-presidente-municipal-de-chicoloapan-la-proxima-apertura-del-hospital-del-imss-para-enero-del-2026-destaca-que-es-una-realidad-y-gran-alegria-para-los-chicoloapenses","status":"publish","type":"post","link":"https:\/\/bambapolitica.com.mx\/index.php\/2025\/10\/30\/celebra-el-presidente-municipal-de-chicoloapan-la-proxima-apertura-del-hospital-del-imss-para-enero-del-2026-destaca-que-es-una-realidad-y-gran-alegria-para-los-chicoloapenses\/","title":{"rendered":"CELEBRA EL PRESIDENTE MUNICIPAL DE CHICOLOAPAN LA PR\u00d3XIMA APERTURA DEL HOSPITAL DEL IMSS PARA ENERO DEL 2026, DESTACA QUE ES UNA REALIDAD Y GRAN ALEGR\u00cdA PARA LOS CHICOLOAPENSES"},"content":{"rendered":"\n<p>*Dar\u00e1 atenci\u00f3n a una poblaci\u00f3n de 350 mil personas en la zona de Chicoloapan.<\/p>\n\n\n\n<p>Se contara con 42 camas ensambles, se tendr\u00e1 servicio de obstetricia, ginecolog\u00eda, y quir\u00f3fano.<\/p>\n\n\n\n<p id=\"viewer-btquq2705\">El presidente municipal de Chicoloapan, Javier Mendoza, durante la donaci\u00f3n del Hospital al IMSS (Instituto Mexicano del Seguro Social) asever\u00f3 que la intenci\u00f3n es que en enero se eche a andar, por lo que dijo que est\u00e1n de la mano con el IMSS.<\/p>\n\n\n\n<p id=\"viewer-xacm37\">\u201cNosotros trabajaremos a marcha la forzadas, haremos lo que nos corresponde, pero el hospital para Chicoloapan por fin es una realidad\u201d, enfatiz\u00f3.<\/p>\n\n\n\n<p id=\"viewer-d4s2l10\">En lo que se refiere a los servicios que estar\u00e1n brindando a la ciudadan\u00eda, en primer lugar se contara con 42 camas ensambles, se tendr\u00e1 servicio de obstetricia, ginecolog\u00eda, quir\u00f3fano va haber farmacia, va a ser un Hospital de subzona que dar\u00e1 atenci\u00f3n a una poblaci\u00f3n de 350 mil en la zona de Chicoloapan.<\/p>\n\n\n\n<p id=\"viewer-qls9s13\">As\u00ed tambi\u00e9n el alcalde Javier Mendoza destac\u00f3 que con la mega obra ser\u00e1 un gran impacto con el Plan Integral de la zona Oriente ya que es una realidad gracias a la Presidenta de la Rep\u00fablica, la doctora Claudia Sheinbaum Pardo y a la gobernadora la maestra Delfina G\u00f3mez \u00c1lvarez y a quienes integran parte de la gran transformaci\u00f3n que se vive en M\u00e9xico, en el estado de M\u00e9xico y en la zona Oriente.<\/p>\n\n\n\n<p id=\"viewer-ha1a916\">\u201cHoy el Hospital para Chicoloapan es una gran alegr\u00eda para todos los chicoloapenses y ayer lo manifestaba ayer en el IMSS de Tlalnepantla es algo inimaginable la verdad, los vecinos van a estar encantados de tener este gran Hospital que por muchos a\u00f1os se trabaj\u00f3 y hoy verlo realidad, de verdad que es una alegr\u00eda, es una satisfacci\u00f3n, pero gracias a los tres \u00f3rdenes de gobierno, es una coordinaci\u00f3n que pocas veces se hab\u00eda visto y hoy no hay m\u00e1s que agradecerle a la presidenta, a la gobernadora, al maestro Zoe Robledo a nuestro Director del IMSS de M\u00e9xico y a todos los funcionarios que intervenimos\u201d, puntualiz\u00f3 el presidente municipal Javier Mendoza.<\/p>\n\n\n\n<p id=\"viewer-u13zg19\">De igual manera anunci\u00f3 que vienen cosas buenas para Chicoloapan como la repavimentaci\u00f3n en Avenida M\u00e9xico, y el sendero seguro, a fin de que los vecinos puedan contar con el servicio del gran Hospital y se sientan c\u00f3modos con una buena avenida, una buena iluminaci\u00f3n y seguridad.<\/p>\n\n\n\n<figure class=\"wp-block-gallery has-nested-images columns-default is-cropped wp-block-gallery-1 is-layout-flex wp-block-gallery-is-layout-flex\">\n<figure class=\"wp-block-image size-large\"><img loading=\"lazy\" decoding=\"async\" width=\"488\" height=\"366\" data-id=\"86471\" src=\"https:\/\/bambapolitica.com.mx\/wp-content\/uploads\/2025\/10\/IMG_6885.jpeg\" alt=\"\" class=\"wp-image-86471\" srcset=\"https:\/\/bambapolitica.com.mx\/wp-content\/uploads\/2025\/10\/IMG_6885.jpeg 488w, https:\/\/bambapolitica.com.mx\/wp-content\/uploads\/2025\/10\/IMG_6885-300x225.jpeg 300w\" sizes=\"auto, (max-width: 488px) 100vw, 488px\" \/><\/figure>\n<\/figure>\n\n\n\n<p><\/p>\n\n\n\n<p><\/p>\n\n\n\n<p><\/p>\n","protected":false},"excerpt":{"rendered":"<p>*Dar\u00e1 atenci\u00f3n a una poblaci\u00f3n de 350 mil personas en la zona de Chicoloapan. Se&#8230;<\/p>\n","protected":false},"author":3,"featured_media":0,"comment_status":"closed","ping_status":"closed","sticky":false,"template":"","format":"standard","meta":{"footnotes":""},"categories":[4],"tags":[],"class_list":["post-86470","post","type-post","status-publish","format-standard","hentry","category-noticias-del-dia"],"_links":{"self":[{"href":"https:\/\/bambapolitica.com.mx\/index.php\/wp-json\/wp\/v2\/posts\/86470","targetHints":{"allow":["GET"]}}],"collection":[{"href":"https:\/\/bambapolitica.com.mx\/index.php\/wp-json\/wp\/v2\/posts"}],"about":[{"href":"https:\/\/bambapolitica.com.mx\/index.php\/wp-json\/wp\/v2\/types\/post"}],"author":[{"embeddable":true,"href":"https:\/\/bambapolitica.com.mx\/index.php\/wp-json\/wp\/v2\/users\/3"}],"replies":[{"embeddable":true,"href":"https:\/\/bambapolitica.com.mx\/index.php\/wp-json\/wp\/v2\/comments?post=86470"}],"version-history":[{"count":1,"href":"https:\/\/bambapolitica.com.mx\/index.php\/wp-json\/wp\/v2\/posts\/86470\/revisions"}],"predecessor-version":[{"id":86472,"href":"https:\/\/bambapolitica.com.mx\/index.php\/wp-json\/wp\/v2\/posts\/86470\/revisions\/86472"}],"wp:attachment":[{"href":"https:\/\/bambapolitica.com.mx\/index.php\/wp-json\/wp\/v2\/media?parent=86470"}],"wp:term":[{"taxonomy":"category","embeddable":true,"href":"https:\/\/bambapolitica.com.mx\/index.php\/wp-json\/wp\/v2\/categories?post=86470"},{"taxonomy":"post_tag","embeddable":true,"href":"https:\/\/bambapolitica.com.mx\/index.php\/wp-json\/wp\/v2\/tags?post=86470"}],"curies":[{"name":"wp","href":"https:\/\/api.w.org\/{rel}","templated":true}]}}