{"id":87117,"date":"2025-11-30T08:56:16","date_gmt":"2025-11-30T14:56:16","guid":{"rendered":"https:\/\/bambapolitica.com.mx\/?p=87117"},"modified":"2025-11-30T09:29:03","modified_gmt":"2025-11-30T15:29:03","slug":"87117","status":"publish","type":"post","link":"https:\/\/bambapolitica.com.mx\/index.php\/2025\/11\/30\/87117\/","title":{"rendered":"Perfiles fabricados en la investigaci\u00f3n del asesinato de Carlos Manzo"},"content":{"rendered":"\n<h2 class=\"wp-block-heading\"><strong>El caso del asesinato del alcalde de Uruapan, Carlos Manzo, est\u00e1 lejos de cerrarse. <\/strong><\/h2>\n\n\n\n<p>Por Guadalupe Liz\u00e1rraga<br>El caso del asesinato del alcalde de Uruapan, Carlos Manzo, est\u00e1 lejos de cerrarse. A casi cuatro semanas del crimen, las identidades de los presuntos responsables contin\u00faan envueltas en contradicciones y fallas oficiales. La versi\u00f3n de las autoridades investigadoras no s\u00f3lo se modific\u00f3 cuatro veces en menos de diez d\u00edas, sino que se apoy\u00f3 en fotograf\u00edas, nombres y supuestos confesos sin origen verificable.<br>La primera versi\u00f3n del gobierno federal present\u00f3 a Osvaldo Guti\u00e9rrez V\u00e1zquez, \u201cEl Cuate\u201d, como el asesino material; una identidad que result\u00f3 ser un montaje digital difundido el 4 de noviembre por el secretario de Seguridad, Omar Garc\u00eda Harfuch.<br>Dos d\u00edas despu\u00e9s, el fiscal de Michoac\u00e1n, Carlos Torres Pi\u00f1a, desminti\u00f3 esa l\u00ednea y confirm\u00f3 que el tirador abatido era V\u00edctor Manuel Ubaldo Vidales, de 17 a\u00f1os. Para el 10 de noviembre ya se reportaba la ejecuci\u00f3n de dos nuevos implicados, identificados s\u00f3lo por los nombres de pila. Fernando Josu\u00e9 \u00abN\u00bb y Ramiro \u00abN\u00bb. Cuatro d\u00edas m\u00e1s tarde, el discurso oficial present\u00f3 otros dos nombres con alias: Jorge Armando \u201cN\u201d, \u201cEl Licenciado\u201d, como supuesto autor intelectual, y Jaciel Antonio \u00abN\u00bb, \u201cEl Pel\u00f3n\u201d, como reclutador de los j\u00f3venes sicarios.<br>Sin embargo, durante la audiencia de control en el penal del Altiplano, presidida por el juez Luis Fernando D\u00edaz Parra, Jorge Armando \u201cN\u201d neg\u00f3 cualquier v\u00ednculo con el crimen organizado y rechaz\u00f3 la acusaci\u00f3n de ser el autor intelectual del homicidio. Declar\u00f3 que nunca ha pertenecido a ning\u00fan c\u00e1rtel y denunci\u00f3 que fue detenido y golpeado para obligarlo a firmar declaraciones. \u201cNo conozco a nadie del narco ni pertenezco a ninguna organizaci\u00f3n criminal\u201d, afirm\u00f3 ante el juez. Su defensa se\u00f1al\u00f3 irregularidades en la detenci\u00f3n y en la narrativa fiscal que lo asocia con el CJNG. Tras escuchar a ambas partes, D\u00edaz Parra orden\u00f3 prisi\u00f3n preventiva mientras contin\u00faa la investigaci\u00f3n por homicidio calificado.<br>De desaparecido a sicario, el caso de Fernando Josu\u00e9<br>La segunda identidad plenamente confirmada fue la de Fernando Josu\u00e9 Leal Aceves, de 16 a\u00f1os, uno de los j\u00f3venes ejecutados y hallados en la carretera Paracho\u2013Uruapan. Su nombre era conocido en la regi\u00f3n desde marzo de 2023, cuando fue reportado por su madre Mar\u00eda Teresa Aceves como desaparecido junto a otro adolescente y posteriormente localizado con vida.<br>En 2024 fue ingresado a un centro de rehabilitaci\u00f3n en Veracruz, donde ten\u00eda actividad regular en las redes sociales. Su \u00faltimo post fue en Facebook el 4 de enero de 2025. La siguiente menci\u00f3n p\u00fablica de su nombre fue el 10 de noviembre de 2025, no como detenido ni imputado, sino como uno de los ejecutados que la fiscal\u00eda vincul\u00f3 al asesinato del alcalde. Los datos del acta de defunci\u00f3n en el Registro Civil de Michoac\u00e1n verifican que fue asesinado por un proyectil en la cabeza.<\/p>\n\n\n\n<p>Agencia de prensa on line<\/p>\n","protected":false},"excerpt":{"rendered":"<p>El caso del asesinato del alcalde de Uruapan, Carlos Manzo, est\u00e1 lejos de cerrarse. Por&#8230;<\/p>\n","protected":false},"author":3,"featured_media":87118,"comment_status":"closed","ping_status":"closed","sticky":false,"template":"","format":"standard","meta":{"footnotes":""},"categories":[17],"tags":[],"class_list":["post-87117","post","type-post","status-publish","format-standard","has-post-thumbnail","hentry","category-nacional"],"_links":{"self":[{"href":"https:\/\/bambapolitica.com.mx\/index.php\/wp-json\/wp\/v2\/posts\/87117","targetHints":{"allow":["GET"]}}],"collection":[{"href":"https:\/\/bambapolitica.com.mx\/index.php\/wp-json\/wp\/v2\/posts"}],"about":[{"href":"https:\/\/bambapolitica.com.mx\/index.php\/wp-json\/wp\/v2\/types\/post"}],"author":[{"embeddable":true,"href":"https:\/\/bambapolitica.com.mx\/index.php\/wp-json\/wp\/v2\/users\/3"}],"replies":[{"embeddable":true,"href":"https:\/\/bambapolitica.com.mx\/index.php\/wp-json\/wp\/v2\/comments?post=87117"}],"version-history":[{"count":3,"href":"https:\/\/bambapolitica.com.mx\/index.php\/wp-json\/wp\/v2\/posts\/87117\/revisions"}],"predecessor-version":[{"id":87134,"href":"https:\/\/bambapolitica.com.mx\/index.php\/wp-json\/wp\/v2\/posts\/87117\/revisions\/87134"}],"wp:featuredmedia":[{"embeddable":true,"href":"https:\/\/bambapolitica.com.mx\/index.php\/wp-json\/wp\/v2\/media\/87118"}],"wp:attachment":[{"href":"https:\/\/bambapolitica.com.mx\/index.php\/wp-json\/wp\/v2\/media?parent=87117"}],"wp:term":[{"taxonomy":"category","embeddable":true,"href":"https:\/\/bambapolitica.com.mx\/index.php\/wp-json\/wp\/v2\/categories?post=87117"},{"taxonomy":"post_tag","embeddable":true,"href":"https:\/\/bambapolitica.com.mx\/index.php\/wp-json\/wp\/v2\/tags?post=87117"}],"curies":[{"name":"wp","href":"https:\/\/api.w.org\/{rel}","templated":true}]}}