{"id":87120,"date":"2025-11-30T08:59:13","date_gmt":"2025-11-30T14:59:13","guid":{"rendered":"https:\/\/bambapolitica.com.mx\/?p=87120"},"modified":"2025-11-30T08:59:19","modified_gmt":"2025-11-30T14:59:19","slug":"renueva-gobierno-del-edomex-clinica-del-issemym-en-toluca","status":"publish","type":"post","link":"https:\/\/bambapolitica.com.mx\/index.php\/2025\/11\/30\/renueva-gobierno-del-edomex-clinica-del-issemym-en-toluca\/","title":{"rendered":"Renueva Gobierno del EdoM\u00e9x cl\u00ednica del ISSEMYM en Toluca"},"content":{"rendered":"\n<p><strong>Para dar mejores servicios de salud a 18 mil derechohabiente.<\/strong><\/p>\n\n\n\n<p>Estado de M\u00e9xico.\u2013 Para fortalecer el sistema de salud estatal y dignificar la atenci\u00f3n a las y los mexiquenses, el Gobierno que encabeza la Maestra Delfina G\u00f3mez \u00c1lvarez ampl\u00eda y renueva la Cl\u00ednica de Consulta Externa \u201cRancho La Mora\u201d del Instituto de Seguridad Social del Estado de M\u00e9xico y Municipios (ISSEMYM), con el respaldo de la Oficial\u00eda Mayor.<br>Ignacio Salgado Garc\u00eda, Director General del ISSEMYM, destaca que esta acci\u00f3n es gracias al esfuerzo conjunto y a una planeaci\u00f3n responsable, que rehabilita un inmueble para convertirlo en una cl\u00ednica completa en beneficio de m\u00e1s de 18 mil derechohabientes. La nueva sede ampl\u00eda la capacidad de atenci\u00f3n y concentra en un solo lugar todas las \u00e1reas m\u00e9dicas, administrativas y de servicio al p\u00fablico, lo que mejora la coordinaci\u00f3n del personal y agiliza los procesos.<br>Con El Poder de Servir, la Unidad \u201cRancho La Mora\u201d cuenta con cinco consultorios, farmacia, \u00e1rea de signos vitales, cl\u00ednica de heridas, medicina preventiva, direcci\u00f3n, \u00e1rea administrativa, secretar\u00eda, almac\u00e9n, \u00e1rea de espera, estacionamiento, rampa para personas con discapacidad y sanitarios para hombres y mujeres.<br>Se ubica en Circuito Adolfo L\u00f3pez Mateos n\u00famero 155, Colonia Rancho La Mora, en Toluca. Su horario de atenci\u00f3n es de lunes a domingo, de 8:00 a 20:00 horas, y ofrece consulta externa de psicolog\u00eda, atenci\u00f3n de medicina general y preventiva, servicios de primer nivel, referencia oportuna a otros niveles de atenci\u00f3n y acciones educativas para el cuidado de la salud.<br>Durante el acto inaugural participaron M\u00f3nica P\u00e9rez Sant\u00edn, Directora de Atenci\u00f3n a la Salud, en representaci\u00f3n de Antonio Jaymes N\u00fa\u00f1ez, Coordinador de Servicios de Salud; Jes\u00fas Sim\u00f3n \u00c1vila Navarro, Director de Obras y Control Patrimonial; Dolores Reyes Alba, Director de la Cl\u00ednica Rancho La Mora; as\u00ed como titulares de unidades m\u00e9dicas del ISSEMYM y representantes sindicales.<\/p>\n","protected":false},"excerpt":{"rendered":"<p>Para dar mejores servicios de salud a 18 mil derechohabiente. Estado de M\u00e9xico.\u2013 Para fortalecer&#8230;<\/p>\n","protected":false},"author":3,"featured_media":87121,"comment_status":"closed","ping_status":"closed","sticky":false,"template":"","format":"standard","meta":{"footnotes":""},"categories":[4],"tags":[],"class_list":["post-87120","post","type-post","status-publish","format-standard","has-post-thumbnail","hentry","category-noticias-del-dia"],"_links":{"self":[{"href":"https:\/\/bambapolitica.com.mx\/index.php\/wp-json\/wp\/v2\/posts\/87120","targetHints":{"allow":["GET"]}}],"collection":[{"href":"https:\/\/bambapolitica.com.mx\/index.php\/wp-json\/wp\/v2\/posts"}],"about":[{"href":"https:\/\/bambapolitica.com.mx\/index.php\/wp-json\/wp\/v2\/types\/post"}],"author":[{"embeddable":true,"href":"https:\/\/bambapolitica.com.mx\/index.php\/wp-json\/wp\/v2\/users\/3"}],"replies":[{"embeddable":true,"href":"https:\/\/bambapolitica.com.mx\/index.php\/wp-json\/wp\/v2\/comments?post=87120"}],"version-history":[{"count":1,"href":"https:\/\/bambapolitica.com.mx\/index.php\/wp-json\/wp\/v2\/posts\/87120\/revisions"}],"predecessor-version":[{"id":87122,"href":"https:\/\/bambapolitica.com.mx\/index.php\/wp-json\/wp\/v2\/posts\/87120\/revisions\/87122"}],"wp:featuredmedia":[{"embeddable":true,"href":"https:\/\/bambapolitica.com.mx\/index.php\/wp-json\/wp\/v2\/media\/87121"}],"wp:attachment":[{"href":"https:\/\/bambapolitica.com.mx\/index.php\/wp-json\/wp\/v2\/media?parent=87120"}],"wp:term":[{"taxonomy":"category","embeddable":true,"href":"https:\/\/bambapolitica.com.mx\/index.php\/wp-json\/wp\/v2\/categories?post=87120"},{"taxonomy":"post_tag","embeddable":true,"href":"https:\/\/bambapolitica.com.mx\/index.php\/wp-json\/wp\/v2\/tags?post=87120"}],"curies":[{"name":"wp","href":"https:\/\/api.w.org\/{rel}","templated":true}]}}