{"id":87123,"date":"2025-11-30T09:05:28","date_gmt":"2025-11-30T15:05:28","guid":{"rendered":"https:\/\/bambapolitica.com.mx\/?p=87123"},"modified":"2025-11-30T09:05:30","modified_gmt":"2025-11-30T15:05:30","slug":"la-salida-de-gertz-manero-ocurrio-fuera-de-los-cauces-constitucionales-ong","status":"publish","type":"post","link":"https:\/\/bambapolitica.com.mx\/index.php\/2025\/11\/30\/la-salida-de-gertz-manero-ocurrio-fuera-de-los-cauces-constitucionales-ong\/","title":{"rendered":"La salida de Gertz Manero ocurri\u00f3 fuera de los cauces constitucionales: ONG"},"content":{"rendered":"\n<p><strong>Organizaciones consideraron que la operaci\u00f3n pol\u00edtica tuvo la intenci\u00f3n de que &#8220;el Poder Ejecutivo y la 4T mantuvieran el control pol\u00edtico sobre la FGR&#8221;.<\/strong><\/p>\n\n\n\n<p>Ciudad de M\u00e9xico.- Medio centenar de organizaciones sociales y activistas en lo individual, algunas de ellas que conforman el colectivo \u201cFiscal\u00eda que Sirva\u201d y \u201cLa Justicia que queremos\u201d, condenaron la salida del exfiscal General de la Rep\u00fablica, Alejandro Gertz Manero, aprobada por el Senado fuera de los cauces constitucionales y con una intenci\u00f3n de que el \u201cPoder Ejecutivo y de la 4T, quieren seguir teniendo el control pol\u00edtico sobre la Fiscal\u00eda\u201d.<br>Tras hacer \u00e9nfasis en que la salida de Gertz se dio \u201cen medio de m\u00faltiples dudas y cuestionamientos\u201d, as\u00ed como que la asignaci\u00f3n de un nuevo cargo por la presidenta Claudia Sheinbaum no configura \u201cuna causa grave\u201d, en un comunicado las organizaciones sociales reprobaron \u201cla falta de transparencia de las autoridades respecto de los verdaderos motivos de la separaci\u00f3n\u201d del exfiscal.<br>Destacaron que, como parte del control pol\u00edtico, \u201cbasta ver c\u00f3mo operaron en tiempo r\u00e9cord la renuncia de la consejera jur\u00eddica, su nombramiento por parte de Gertz Manero y su designaci\u00f3n como encargada de despacho a la FGR.<br>Al considerar que la forma en que en que Gertz se separ\u00f3 del carg\u00f3 es una muestra de \u201cuna gesti\u00f3n opaca, caracterizada por un actuar autoritario y una absoluta rendici\u00f3n de cuentas a la ciudadan\u00eda\u201d, las organizaciones y activistas hicieron un recuento de las observaciones que se hicieron a la FGR durante la gesti\u00f3n de Gertz Manero a trav\u00e9s de investigaciones colectivas.<br>Durante el sexenio pasado, en el que fue designado Gertz Manero como fiscal general, el colectivo inform\u00f3 de \u201cuna serie de deficiencias graves en la gesti\u00f3n del fiscal Gertz Manero y retrocesos sostenidos en la FGR en materia de transparencia, rendici\u00f3n de cuentas y mecanismos de participaci\u00f3n ciudadana\u201d.<br>Recordaron que una vez que tom\u00f3 posesi\u00f3n del cargo, Gertz solicit\u00f3 al Congreso federal derogar la Ley Org\u00e1nica de la FGR, que hab\u00eda nacido del consenso de organizaciones sociales y parte del equipo de transici\u00f3n del entonces presidente Andr\u00e9s Manuel L\u00f3pez Obrador, \u201cla cual fue sustituida por una legislaci\u00f3n a modo que elimin\u00f3 todos los mecanismos de rendici\u00f3n de cuentas del fiscal, as\u00ed como derechos de las v\u00edctimas y mecanismos de participaci\u00f3n ciudadana\u201d.<br>Al trabajo de Fiscal\u00eda que Sirva est\u00e1n los elaborados por otros colectivos, que hicieron un recuento de los esc\u00e1ndalos en los que se vio envuelto Gertz Manero, el tr\u00e1fico de influencias en la Suprema Corte para afectar a su cu\u00f1ada y su sobrina, la intervenci\u00f3n de la FGR para traer de regreso al general Salvador Cienfuegos, quien fue detenido en Estados Unidos, as\u00ed como su actuaci\u00f3n an\u00f3mala en el caso del Rancho Izaguirre.<br>\u201cNada de esto fue suficiente para que el Senado le pidiera rendir cuentas abiertamente a la sociedad, a pesar de que as\u00ed lo pedimos formalmente las organizaciones\u201d, alertaron en el comunicado.<br>Apuntaron que lo que la sociedad vio este jueves 27 fue una confirmaci\u00f3n de c\u00f3mo han sido \u201cusadas\u201d las fiscal\u00edas en M\u00e9xico \u201cpor los gobiernos en turno, como instrumentos de control pol\u00edtico, para combatir adversarios o para garantizar pactos de impunidad en perjuicio de la sociedad\u201d.<br>Tras se\u00f1alar que, en los hechos, las fiscal\u00edas \u201cno investigan diligentemente ni garantizan justicia a las v\u00edctimas, por el contrario, las revictimizan y muchas veces inhiben a presentaci\u00f3n de denuncias\u201d, el colectivo lament\u00f3 que \u201cla justicia en M\u00e9xico s\u00f3lo existe para quien tiene influencias y poder, no para las 130 mil familias que tienen un caso de desaparici\u00f3n\u201d.<br>Ante la inminente aplicaci\u00f3n del proceso de selecci\u00f3n de la persona que encabece la FGR, los colectivos urgieron al Senado garantizar \u201cun proceso serio y con los tiempos que se requieran para designar a la nueva persona titular de la FGR\u201d, considerando est\u00e1ndares internacionales para seleccionar a las personas id\u00f3neas, para definir la metodolog\u00eda, y que se incluyan entrevistas p\u00fablicas.<br>Sugirieron a los senadores solicitar a los aspirantes presentar un plan de trabajo para restructurar la FGR, considerando \u201celiminar la corrupci\u00f3n y la impunidad sobre todo en casos que m\u00e1s afectan a la sociedad, fortalecer las capacidades institucionales y mejorar las investigaciones antes los delitos de su competencia y los graves contexto de alta criminalidad en el pa\u00eds, poniendo en el centro a las v\u00edctimas\u201d.<br>Recomendaron que, una vez designada la persona titular, \u201cabra convocatorias para ocupar los nuevos cargos de fiscales especializados y otros relevantes de la instituci\u00f3n, que contengan requisitos para analizar la idoneidad de las personas candidatas, principalmente en las fiscal\u00edas de derechos humanos, delincuencia organizada, control regional y delitos electorales\u201d.<br>Las organizaciones sociales solicitaron al Senado promover un \u201cmecanismo de evaluaci\u00f3n y rendici\u00f3n de cuentas de la gesti\u00f3n del fiscal Gertz Manero y sus fiscales especiales\u201d, que sea una evaluaci\u00f3n abierta a la ciudadan\u00eda y que se escuche a las v\u00edctimas y organizaciones especializadas en derechos humanos, para que se rinda un informe p\u00fablico \u201cque refleje los retrocesos y retos que enfrenta la instituci\u00f3n, haciendo recomendaciones puntuales a partir de la escucha en audiencia p\u00fabica de actores de la sociedad civil\u201d.<br>Entre los firmantes del documento destacaron Art\u00edculo 19. Asistencia Legal por los Derechos Humanos, Buscando Desaparecidos M\u00e9xico, Centro de Derechos Humanos de las Mujeres, Centro de Investigaci\u00f3n de Cr\u00edmenes Atroces, Cl\u00ednica Jur\u00eddica Alaide Foppa para Personas Refugiadas de la Universidad Iberoamericana, Buscadoras de Guanajuato, Comit\u00e9 de Derechos Humanos de Nuevo Laredo, Consultora Solidaria, Derechos Humanos Integrales en Acci\u00f3n, Fundaci\u00f3n para la Justicia y el Estado Democr\u00e1tico de Derecho, Instituto Mexicano de Derechos Humanos y Democracia, Mexicanos Contra la Corrupci\u00f3n y la Impunidad, M\u00e9xico Eval\u00faa, Tejiendo Redes Infancia y la Red Nacional de Organismos Civiles de Derechos Humanos Todos los Derechos para Todas, Todos y Todes (Red TDT), entre otras.<br>Se sumaron de manera individual Ana Lorena Delgadillo P\u00e9rez, Daniel Gim\u00e9nez Cacho, Elena Azaola, Jacobo Day\u00e1n, Jos\u00e9 Antonio Guevara Berm\u00fadez, entre otros activistas.<\/p>\n\n\n\n<p>Proceso<\/p>\n","protected":false},"excerpt":{"rendered":"<p>Organizaciones consideraron que la operaci\u00f3n pol\u00edtica tuvo la intenci\u00f3n de que &#8220;el Poder Ejecutivo y&#8230;<\/p>\n","protected":false},"author":3,"featured_media":87124,"comment_status":"closed","ping_status":"closed","sticky":false,"template":"","format":"standard","meta":{"footnotes":""},"categories":[17],"tags":[],"class_list":["post-87123","post","type-post","status-publish","format-standard","has-post-thumbnail","hentry","category-nacional"],"_links":{"self":[{"href":"https:\/\/bambapolitica.com.mx\/index.php\/wp-json\/wp\/v2\/posts\/87123","targetHints":{"allow":["GET"]}}],"collection":[{"href":"https:\/\/bambapolitica.com.mx\/index.php\/wp-json\/wp\/v2\/posts"}],"about":[{"href":"https:\/\/bambapolitica.com.mx\/index.php\/wp-json\/wp\/v2\/types\/post"}],"author":[{"embeddable":true,"href":"https:\/\/bambapolitica.com.mx\/index.php\/wp-json\/wp\/v2\/users\/3"}],"replies":[{"embeddable":true,"href":"https:\/\/bambapolitica.com.mx\/index.php\/wp-json\/wp\/v2\/comments?post=87123"}],"version-history":[{"count":1,"href":"https:\/\/bambapolitica.com.mx\/index.php\/wp-json\/wp\/v2\/posts\/87123\/revisions"}],"predecessor-version":[{"id":87125,"href":"https:\/\/bambapolitica.com.mx\/index.php\/wp-json\/wp\/v2\/posts\/87123\/revisions\/87125"}],"wp:featuredmedia":[{"embeddable":true,"href":"https:\/\/bambapolitica.com.mx\/index.php\/wp-json\/wp\/v2\/media\/87124"}],"wp:attachment":[{"href":"https:\/\/bambapolitica.com.mx\/index.php\/wp-json\/wp\/v2\/media?parent=87123"}],"wp:term":[{"taxonomy":"category","embeddable":true,"href":"https:\/\/bambapolitica.com.mx\/index.php\/wp-json\/wp\/v2\/categories?post=87123"},{"taxonomy":"post_tag","embeddable":true,"href":"https:\/\/bambapolitica.com.mx\/index.php\/wp-json\/wp\/v2\/tags?post=87123"}],"curies":[{"name":"wp","href":"https:\/\/api.w.org\/{rel}","templated":true}]}}