{"id":87126,"date":"2025-11-30T09:10:28","date_gmt":"2025-11-30T15:10:28","guid":{"rendered":"https:\/\/bambapolitica.com.mx\/?p=87126"},"modified":"2025-11-30T09:10:36","modified_gmt":"2025-11-30T15:10:36","slug":"hay-una-deuda-social-con-las-personas-sordas-que-debemos-hacer-cumplir-gobierno-de-texcoco","status":"publish","type":"post","link":"https:\/\/bambapolitica.com.mx\/index.php\/2025\/11\/30\/hay-una-deuda-social-con-las-personas-sordas-que-debemos-hacer-cumplir-gobierno-de-texcoco\/","title":{"rendered":"Hay una deuda social con las personas sordas que debemos hacer cumplir: Gobierno de Texcoco"},"content":{"rendered":"\n<p><strong>Desde el Gobierno municipal de Texcoco se apoyar\u00e1 la inclusi\u00f3n social de las personas con debilidad auditiva.<\/strong><\/p>\n\n\n\n<p>En el marco del D\u00eda Nacional de las Personas Sordas, el Gobierno Municipal de Texcoco y el Sistema Municipal para el Desarrollo Integral de la Familia (DIF) de Texcoco, reconocieron la importancia de atender este sector de la poblaci\u00f3n, comprometi\u00e9ndose a visibilizarlos y generar oportunidades para su desarrollo e integraci\u00f3n social.<br>En las instalaciones del Sal\u00f3n de Usos M\u00faltiples (SUM) del DIF de Texcoco, el Presidente Municipal Nazario Gutierrez Mart\u00ednez y la presidenta honoraria de esta instituci\u00f3n en la localidad Yesenia Armas Tob\u00f3n, asistieron a la conferencia para hacer conciencia del respeto que se le debe a las personas con alguna deficiencia auditiva y la importancia de su inclusi\u00f3n en la vida social de su comunidad.<br>Ah\u00ed, la maestra Lidia Mor\u00e1n Luis especialista en lenguaje de se\u00f1as, hizo referencia a la importancia de la inclusi\u00f3n de las personas sordas, explicando que; \u201cla inclusi\u00f3n comienza cuando dejamos de ver las sordera como una falta y la comenzamos a ver como una forma diferente de percibir el mundo\u201d, expres\u00f3.<br>La presidenta honoraria del DIF, Yesenia Armas Tob\u00f3n, tras dar la bienvenida a los asistentes, se\u00f1al\u00f3 la importancia de estar en reuni\u00f3n con este sector de la poblaci\u00f3n que a diario enfrentan el problema de la exclusi\u00f3n.<br>Con la transcripci\u00f3n de la maestra Lidia Mor\u00e1n especialista en lenguaje de se\u00f1as y la presencia de Olimpia Montserrat Fern\u00e1ndez Dom\u00ednguez Coordinadora del CRETEX, la presidenta honorar\u00eda del DIF pidi\u00f3 a las personas con debilidad auditiva a no desesperarse, a aceptar primero que perciben la vida de una forma diferente, y despu\u00e9s lanzarse a prepararse en la vida, para ser incluidos y luchar por su espacio en donde se desarrollan.<br>En su turno el presidente municipal Nazario Guti\u00e9rrez Mart\u00ednez lament\u00f3 la situaci\u00f3n en la que viven las personas con sordera, por lo que se comprometi\u00f3 a luchar de la mano para que sean visibles ante la sociedad.<br>\u201cTenemos una deuda con ustedes, a quienes debemos ver no como una carga social, si no como \u00e1ngeles que perciben la vida diferente, pero de quienes aprendemos y tenemos la responsabilidad de apoyar\u201d, reconoci\u00f3 Nazario Guti\u00e9rrez.<br>Por lo que les reiter\u00f3 su apoyo, comenzando desde el Centro de Rehabilitaci\u00f3n de Texcoco (CRETEX) en donde se les instalar\u00e1 el espacio debidamente acondicionado para mejorar su atenci\u00f3n y terapias que permitan su inclusi\u00f3n en nuestros n\u00facleos sociales.<br>Afirm\u00f3 que desde el DIF de Texcoco, el CRETEX y las diferentes instancias se buscar\u00e1 la forma de impulsar su desarrollo e inclusi\u00f3n social.<\/p>\n","protected":false},"excerpt":{"rendered":"<p>Desde el Gobierno municipal de Texcoco se apoyar\u00e1 la inclusi\u00f3n social de las personas con&#8230;<\/p>\n","protected":false},"author":3,"featured_media":87127,"comment_status":"closed","ping_status":"closed","sticky":false,"template":"","format":"standard","meta":{"footnotes":""},"categories":[4],"tags":[],"class_list":["post-87126","post","type-post","status-publish","format-standard","has-post-thumbnail","hentry","category-noticias-del-dia"],"_links":{"self":[{"href":"https:\/\/bambapolitica.com.mx\/index.php\/wp-json\/wp\/v2\/posts\/87126","targetHints":{"allow":["GET"]}}],"collection":[{"href":"https:\/\/bambapolitica.com.mx\/index.php\/wp-json\/wp\/v2\/posts"}],"about":[{"href":"https:\/\/bambapolitica.com.mx\/index.php\/wp-json\/wp\/v2\/types\/post"}],"author":[{"embeddable":true,"href":"https:\/\/bambapolitica.com.mx\/index.php\/wp-json\/wp\/v2\/users\/3"}],"replies":[{"embeddable":true,"href":"https:\/\/bambapolitica.com.mx\/index.php\/wp-json\/wp\/v2\/comments?post=87126"}],"version-history":[{"count":1,"href":"https:\/\/bambapolitica.com.mx\/index.php\/wp-json\/wp\/v2\/posts\/87126\/revisions"}],"predecessor-version":[{"id":87128,"href":"https:\/\/bambapolitica.com.mx\/index.php\/wp-json\/wp\/v2\/posts\/87126\/revisions\/87128"}],"wp:featuredmedia":[{"embeddable":true,"href":"https:\/\/bambapolitica.com.mx\/index.php\/wp-json\/wp\/v2\/media\/87127"}],"wp:attachment":[{"href":"https:\/\/bambapolitica.com.mx\/index.php\/wp-json\/wp\/v2\/media?parent=87126"}],"wp:term":[{"taxonomy":"category","embeddable":true,"href":"https:\/\/bambapolitica.com.mx\/index.php\/wp-json\/wp\/v2\/categories?post=87126"},{"taxonomy":"post_tag","embeddable":true,"href":"https:\/\/bambapolitica.com.mx\/index.php\/wp-json\/wp\/v2\/tags?post=87126"}],"curies":[{"name":"wp","href":"https:\/\/api.w.org\/{rel}","templated":true}]}}