{"id":87129,"date":"2025-11-30T09:16:09","date_gmt":"2025-11-30T15:16:09","guid":{"rendered":"https:\/\/bambapolitica.com.mx\/?p=87129"},"modified":"2025-11-30T09:16:16","modified_gmt":"2025-11-30T15:16:16","slug":"carmen-de-la-rosa-la-princesa-del-imperio-juanhuguista-quiere-neza-como-si-el-municipio-fuera-herencia-no-gobierno","status":"publish","type":"post","link":"https:\/\/bambapolitica.com.mx\/index.php\/2025\/11\/30\/carmen-de-la-rosa-la-princesa-del-imperio-juanhuguista-quiere-neza-como-si-el-municipio-fuera-herencia-no-gobierno\/","title":{"rendered":"Carmen de la Rosa: La princesa del imperio Juanhuguista quiere Neza\u2026 como si el municipio fuera herencia, no gobierno\u2026"},"content":{"rendered":"\n<p><strong>La dinast\u00eda pol\u00edtica que ya ni disimula que cree que Nezahualc\u00f3yotl es su negocio familiar<\/strong><\/p>\n\n\n\n<p>A ver, ciudadan\u00eda:<br>Ag\u00e1rrense, porque este editorial viene ardiente, filoso y sin vaselina.<br>Y si alguien se ofende\u2026 pues que se forme, porque aqu\u00ed se dice lo que nadie se atreve.<br>Resulta que ahora Carmen de la Rosa s\u00ed, la hija del mism\u00edsimo Juan Hugo, el se\u00f1or que gobern\u00f3 Neza dos veces como si fuera su lote bald\u00edo personal\u2014 anda calentando motores para lanzarse a la presidencia.<br>\u00a1Qu\u00e9 sorpresa!<br>El juanhuguismo descubri\u00f3 que tener el municipio es como tener un Oxxo: siempre deja, siempre funciona, y siempre puedes poner al sobrino, la hija, el aprendiz o al que caiga bien en la posada.<br>Porque claro, si ya gobern\u00f3 el pap\u00e1\u2026<br>y ya gobern\u00f3 el alumno estrella (hola, Cerqueda)\u2026<br>lo l\u00f3gico es que ahora lo intente la hija.<br>As\u00ed, sin pudor, sin pena y sin verg\u00fcenza democr\u00e1tica.<br>Carmen viene con el mismo discurso que todos conocemos:<br>que el cambio, que la transformaci\u00f3n, que la continuidad, que el pueblo, que las soluciones, que la esperanza\u2026 todo reciclado.<br>\u00bfCambios?<br>Cambian el color de la lona, el hashtag y la playera\u2026<br>pero el proyecto es el mismo Frankenstein fam\u00e9lico de siempre.<br>Lo que dej\u00f3 Juan Hugo, lo que repiti\u00f3 Cerqueda (dos veces, \u00a1dos!), ahora lo quieren perpetuar en formato versi\u00f3n hija 2.0.<br>Y todav\u00eda creer\u00e1n que el pueblo no se da cuenta.<br>Como si no supi\u00e9ramos sumar.<br>Ciudadano de Neza, ponte serio un segundo:<br>Si permites que este grupito siga hered\u00e1ndose el municipio como si fuera el taller mec\u00e1nico del abuelo, entonces no te quejes cuando sigan pasando las mismas cosas:<br>inseguridad,<br>fugas interminables,<br>baches con vida propia,<br>corrupci\u00f3n con seguro de da\u00f1os,<br>y fotos\u2026 ay, las fotos,<br>m\u00e1s fotos que obras, m\u00e1s fotos que resultados, m\u00e1s fotos que neuronas gastadas.<br>Porque aqu\u00ed no es que nos gobierne una administraci\u00f3n\u2026<br>nos gobierna un apellido.<br>REMATE VENENOSO (PORQUE HAY QUE DECIRLO)<br>Si Carmen gana, no ser\u00e1 porque trae propuestas.<br>No ser\u00e1 porque es brillante.<br>No ser\u00e1 por visi\u00f3n o liderazgo.<br>Ser\u00e1 porque en Neza siguen votando por el apellido, por la inercia, por la foto bonita y la falsa sensaci\u00f3n de \u201cpues as\u00ed ha sido siempre\u201d.<br>Carmen no es el futuro de Neza.<br>Es el backup del sistema que nunca se fue.<br>La copia de seguridad del juanhuguismo por si se les descompone el alumno Cerqueda.<br>Y lo peor es que creen que el municipio les pertenece.<br>Como si uno pudiera decir:<br>\u201cEste terreno es de mis pap\u00e1s\u2026 y este municipio, pues tambi\u00e9n\u201d.<\/p>\n\n\n\n<p>NOTINEZA<\/p>\n","protected":false},"excerpt":{"rendered":"<p>La dinast\u00eda pol\u00edtica que ya ni disimula que cree que Nezahualc\u00f3yotl es su negocio familiar&#8230;<\/p>\n","protected":false},"author":3,"featured_media":87130,"comment_status":"closed","ping_status":"closed","sticky":false,"template":"","format":"standard","meta":{"footnotes":""},"categories":[4],"tags":[],"class_list":["post-87129","post","type-post","status-publish","format-standard","has-post-thumbnail","hentry","category-noticias-del-dia"],"_links":{"self":[{"href":"https:\/\/bambapolitica.com.mx\/index.php\/wp-json\/wp\/v2\/posts\/87129","targetHints":{"allow":["GET"]}}],"collection":[{"href":"https:\/\/bambapolitica.com.mx\/index.php\/wp-json\/wp\/v2\/posts"}],"about":[{"href":"https:\/\/bambapolitica.com.mx\/index.php\/wp-json\/wp\/v2\/types\/post"}],"author":[{"embeddable":true,"href":"https:\/\/bambapolitica.com.mx\/index.php\/wp-json\/wp\/v2\/users\/3"}],"replies":[{"embeddable":true,"href":"https:\/\/bambapolitica.com.mx\/index.php\/wp-json\/wp\/v2\/comments?post=87129"}],"version-history":[{"count":1,"href":"https:\/\/bambapolitica.com.mx\/index.php\/wp-json\/wp\/v2\/posts\/87129\/revisions"}],"predecessor-version":[{"id":87131,"href":"https:\/\/bambapolitica.com.mx\/index.php\/wp-json\/wp\/v2\/posts\/87129\/revisions\/87131"}],"wp:featuredmedia":[{"embeddable":true,"href":"https:\/\/bambapolitica.com.mx\/index.php\/wp-json\/wp\/v2\/media\/87130"}],"wp:attachment":[{"href":"https:\/\/bambapolitica.com.mx\/index.php\/wp-json\/wp\/v2\/media?parent=87129"}],"wp:term":[{"taxonomy":"category","embeddable":true,"href":"https:\/\/bambapolitica.com.mx\/index.php\/wp-json\/wp\/v2\/categories?post=87129"},{"taxonomy":"post_tag","embeddable":true,"href":"https:\/\/bambapolitica.com.mx\/index.php\/wp-json\/wp\/v2\/tags?post=87129"}],"curies":[{"name":"wp","href":"https:\/\/api.w.org\/{rel}","templated":true}]}}