{"id":87140,"date":"2025-11-30T11:56:05","date_gmt":"2025-11-30T17:56:05","guid":{"rendered":"https:\/\/bambapolitica.com.mx\/?p=87140"},"modified":"2025-11-30T11:57:29","modified_gmt":"2025-11-30T17:57:29","slug":"entrega-presidente-municipal-de-chicoloapan-uniformes-y-equipo-al-personal-de-la-direccion-de-seguridad-publica-y-vialidad","status":"publish","type":"post","link":"https:\/\/bambapolitica.com.mx\/index.php\/2025\/11\/30\/entrega-presidente-municipal-de-chicoloapan-uniformes-y-equipo-al-personal-de-la-direccion-de-seguridad-publica-y-vialidad\/","title":{"rendered":"Entrega presidente municipal de Chicoloapan uniformes y equipo al personal de la Direcci\u00f3n de Seguridad P\u00fablica y vialidad."},"content":{"rendered":"\n<p><strong>Este acto representa el fortalecimiento operativo y el respaldo institucional hacia quienes con disciplina y vocaci\u00f3n de servicio velan d\u00eda a d\u00eda por la seguridad de Chicoloapan.<\/strong><\/p>\n\n\n\n<p><strong>Por: Mario Arvizu<\/strong><\/p>\n\n\n\n<p>Chicoloapan, Estado de M\u00e9xico.- El evento fue encabezado por el Presidente Municipal Constitucional, Javier Mendoza; el Sargento 2do de la Guardia Nacional, Sa\u00fal Raymundo Ch\u00e1vez; el primer regidor, Edgar Ru\u00edz Aguilar; el tercer regidor, Rafael Eliud G\u00f3mez Tirado; el Director de Seguridad P\u00fablica y vialidad, Josafat Green Ram\u00edrez y el Subdirector de Seguridad P\u00fablica y movilidad, Cesar Mor\u00e1n Morales.<br>El equipo de trabajo que fue entregado fue:<br>344 pares de botas para seguridad p\u00fablica<br>688 camisolas<br>344 camisolas t\u00e1cticas para seguridad p\u00fablica<br>344 pantalones t\u00e1cticos para seguridad p\u00fablica<br>688 pantalones<br>292 cascos bal\u00edsticos con placa para seguridad p\u00fablica<br>Josafat Green Ram\u00edrez comento que los elementos que integran la corporaci\u00f3n policial a su cargo realizan d\u00eda a d\u00eda la tarea de proteger la integridad y los bienes de los habitantes as\u00ed como preservar el orden la paz en el municipio y agradeci\u00f3 al municipio en especial al presidente municipal que hayan destinado los recursos para dotar de las herramientas necesarias como uniformes que representan el honor y dignidad de la instituci\u00f3n de igual manera la entrega de las patrullas que permitir\u00e1n abarcar m\u00e1s territorio, aprovecho para agradecer tambi\u00e9n a nombre de todos los compa\u00f1eros la implementaci\u00f3n del Programa de Mejora de las condiciones laborales, los vales de despensa y \u00fatiles escolares, reiter\u00f3 no solo el agradecimiento sino el compromiso y lealtad institucional.<br>Javier Mendoza, como siempre celebro este d\u00eda al cumplir los compromisos que se han demandado y que hoy que se ven beneficiado, agradeci\u00f3 a la Guardia Nacional por su acompa\u00f1amiento no solo en este acto protocolario sino en las calles y avenidas del municipio, a la Polic\u00eda Estatal y ser testigo y portavoz de que en Chicoloapan hay excelentes condiciones de la polic\u00eda municipal, a los regidores por su apoyo en cabildo, al Director y subdirector por su lealtad a una convicci\u00f3n de trabajo que le deben a los ciudadanos, exhort\u00f3 y pidi\u00f3 seguir trabajando de la mano con una sola visi\u00f3n que en Chicoloapan se respire confianza, tranquilidad y sobre todo seguridad. En esta segunda entrega del a\u00f1o es un compromiso y alegr\u00eda seguir entregando el equipamiento y condiciones al cuerpo de seguridad y dijo que seguir\u00e1n trabajando con la convicci\u00f3n de seguir apoyando para que la gente confi\u00e9 en la polic\u00eda municipal. Estamos completos los tres \u00f3rdenes de gobierno, Federal, Estatal y Municipal, como lo hemos venido trabajando desde el primer d\u00eda por instrucciones de la Presidenta de la Rep\u00fablica, la Dra. Claudia Sheimbaum Pardo, la Gobernadora del Estado de M\u00e9xico, la Mtra. Delfina G\u00f3mez \u00c1lvarez, mujeres visionarias que constantemente tenemos mesas de trabajo y dieron banderazo al mando \u00fanico, por eso todos los habitantes deben saber que cuentan con la Guardia Nacional, la Polic\u00eda Estatal y su Polic\u00eda Municipal y si fuera el caso han tenido la presencia de la SEDENA y de la MARINA, su compromiso es que seguir\u00e1n destinando m\u00e1s recursos el pr\u00f3ximo a\u00f1o.<\/p>\n\n\n\n<p><\/p>\n","protected":false},"excerpt":{"rendered":"<p>Este acto representa el fortalecimiento operativo y el respaldo institucional hacia quienes con disciplina y&#8230;<\/p>\n","protected":false},"author":3,"featured_media":87141,"comment_status":"closed","ping_status":"closed","sticky":false,"template":"","format":"standard","meta":{"footnotes":""},"categories":[4],"tags":[],"class_list":["post-87140","post","type-post","status-publish","format-standard","has-post-thumbnail","hentry","category-noticias-del-dia"],"_links":{"self":[{"href":"https:\/\/bambapolitica.com.mx\/index.php\/wp-json\/wp\/v2\/posts\/87140","targetHints":{"allow":["GET"]}}],"collection":[{"href":"https:\/\/bambapolitica.com.mx\/index.php\/wp-json\/wp\/v2\/posts"}],"about":[{"href":"https:\/\/bambapolitica.com.mx\/index.php\/wp-json\/wp\/v2\/types\/post"}],"author":[{"embeddable":true,"href":"https:\/\/bambapolitica.com.mx\/index.php\/wp-json\/wp\/v2\/users\/3"}],"replies":[{"embeddable":true,"href":"https:\/\/bambapolitica.com.mx\/index.php\/wp-json\/wp\/v2\/comments?post=87140"}],"version-history":[{"count":2,"href":"https:\/\/bambapolitica.com.mx\/index.php\/wp-json\/wp\/v2\/posts\/87140\/revisions"}],"predecessor-version":[{"id":87144,"href":"https:\/\/bambapolitica.com.mx\/index.php\/wp-json\/wp\/v2\/posts\/87140\/revisions\/87144"}],"wp:featuredmedia":[{"embeddable":true,"href":"https:\/\/bambapolitica.com.mx\/index.php\/wp-json\/wp\/v2\/media\/87141"}],"wp:attachment":[{"href":"https:\/\/bambapolitica.com.mx\/index.php\/wp-json\/wp\/v2\/media?parent=87140"}],"wp:term":[{"taxonomy":"category","embeddable":true,"href":"https:\/\/bambapolitica.com.mx\/index.php\/wp-json\/wp\/v2\/categories?post=87140"},{"taxonomy":"post_tag","embeddable":true,"href":"https:\/\/bambapolitica.com.mx\/index.php\/wp-json\/wp\/v2\/tags?post=87140"}],"curies":[{"name":"wp","href":"https:\/\/api.w.org\/{rel}","templated":true}]}}