{"id":87155,"date":"2025-12-01T12:25:42","date_gmt":"2025-12-01T18:25:42","guid":{"rendered":"https:\/\/bambapolitica.com.mx\/?p=87155"},"modified":"2025-12-01T12:25:44","modified_gmt":"2025-12-01T18:25:44","slug":"hallan-con-vida-a-agentes-de-la-sspc-secuestrados-en-jalisco-estan-bien-garcia-harfuch","status":"publish","type":"post","link":"https:\/\/bambapolitica.com.mx\/index.php\/2025\/12\/01\/hallan-con-vida-a-agentes-de-la-sspc-secuestrados-en-jalisco-estan-bien-garcia-harfuch\/","title":{"rendered":"Hallan con vida a agentes de la SSPC secuestrados en Jalisco; &#8220;est\u00e1n bien&#8221;: Garc\u00eda Harfuch"},"content":{"rendered":"\n<p><strong>Los dos agentes hab\u00edan sido secuestrados el pasado 25 de noviembre en Jalisco.<\/strong><\/p>\n\n\n\n<p>Ciudad de M\u00e9xico.- Los dos agentes del secretario de Seguridad, Omar Garc\u00eda Harfuch, que hab\u00edan sido secuestrados en Jalisco fueron localizados con vida y en &#8220;buen estado de salud&#8221;, as\u00ed lo report\u00f3 la presidenta Claudia Sheinbaum en su ma\u00f1anera de este lunes 1 de diciembre.<br>&#8220;Los dos agentes de la Secretar\u00eda de Seguridad y Protecci\u00f3n Ciudadana secuestrados por un grupo criminal en Jalisco fueron encontrados en buen estado de salud. Es el recado que me pasan en este momento y que lo informe el secretario&#8221;, dijo Sheinbaum en su conferencia.<br>Los dos agentes fueron plagiados el pasado 25 de noviembre cuando realizaban trabajos de inteligencia para la prevenci\u00f3n del delito y la desarticulaci\u00f3n de c\u00e9lulas criminales en Jalisco, donde opera el C\u00e1rtel Jalisco Nueva Generaci\u00f3n (CJNG).<br>La SSPC indic\u00f3 que perdi\u00f3 contacto con sus dos agentes cuando se dirig\u00edan hacia Guadalajara para realizar labores de campo. Los oficiales se trasladaban en un veh\u00edculo oficial, el cual fue localizado abandonado en una zona de Paseo de los Virreyes, en el municipio de Zapopan.<br>Garc\u00eda Harfuch confirma localizaci\u00f3n de agentes<br>El secretario de Seguridad, Omar Garc\u00eda Harfuch, confirm\u00f3 la localizaci\u00f3n de los dos agentes que hab\u00edan sido secuestrados desde hace cinco d\u00edas en Jalisco y agradeci\u00f3 al gobernador Pablo Lemus, as\u00ed como a la Secretar\u00eda de la Defensa Nacional, la Marina y a la Guardia Nacional, por haber apoyado en los operativos para localizar a los dos polic\u00edas.<br>Ambos agentes se &#8220;encuentran bien&#8221;, de acuerdo con Garc\u00eda Harfuch y dijo que pronto ser\u00e1n trasladados para reunirse con sus familias.<br>Agentes que fueron secuestrados est\u00e1n heridos<br>Los dos agentes de la Secretar\u00eda de Seguridad y Protecci\u00f3n Ciudadana (SSPC) que fueron secuestrados el pasado 25 de noviembre en Jalisco se encuentran heridos y reciben atenci\u00f3n m\u00e9dica, inform\u00f3 la corporaci\u00f3n, luego de ser hallados esta ma\u00f1ana en Jalisco.<br>De acuerdo con el reporte preliminar, las heridas que tienen los dos polic\u00edas no ponen en riesgo su vida, puntualiz\u00f3 la SSPC.<br>La corporaci\u00f3n mantiene abierta la carpeta de investigaci\u00f3n por estos hechos y sigue con las l\u00edneas de investigaci\u00f3n para esclarecer lo ocurrido, adem\u00e1s de garantizar el acompa\u00f1amiento integral a los elementos y sus familias.<br>&#8220;Las instituciones del gabinete de seguridad reiteran que no habr\u00e1 impunidad y que continuar\u00e1n los trabajos coordinados para detener a los responsables&#8221;, puntualiz\u00f3.<\/p>\n\n\n\n<p>Exc\u00e9lsior<\/p>\n","protected":false},"excerpt":{"rendered":"<p>Los dos agentes hab\u00edan sido secuestrados el pasado 25 de noviembre en Jalisco. Ciudad de&#8230;<\/p>\n","protected":false},"author":3,"featured_media":87156,"comment_status":"closed","ping_status":"closed","sticky":false,"template":"","format":"standard","meta":{"footnotes":""},"categories":[17],"tags":[],"class_list":["post-87155","post","type-post","status-publish","format-standard","has-post-thumbnail","hentry","category-nacional"],"_links":{"self":[{"href":"https:\/\/bambapolitica.com.mx\/index.php\/wp-json\/wp\/v2\/posts\/87155","targetHints":{"allow":["GET"]}}],"collection":[{"href":"https:\/\/bambapolitica.com.mx\/index.php\/wp-json\/wp\/v2\/posts"}],"about":[{"href":"https:\/\/bambapolitica.com.mx\/index.php\/wp-json\/wp\/v2\/types\/post"}],"author":[{"embeddable":true,"href":"https:\/\/bambapolitica.com.mx\/index.php\/wp-json\/wp\/v2\/users\/3"}],"replies":[{"embeddable":true,"href":"https:\/\/bambapolitica.com.mx\/index.php\/wp-json\/wp\/v2\/comments?post=87155"}],"version-history":[{"count":1,"href":"https:\/\/bambapolitica.com.mx\/index.php\/wp-json\/wp\/v2\/posts\/87155\/revisions"}],"predecessor-version":[{"id":87157,"href":"https:\/\/bambapolitica.com.mx\/index.php\/wp-json\/wp\/v2\/posts\/87155\/revisions\/87157"}],"wp:featuredmedia":[{"embeddable":true,"href":"https:\/\/bambapolitica.com.mx\/index.php\/wp-json\/wp\/v2\/media\/87156"}],"wp:attachment":[{"href":"https:\/\/bambapolitica.com.mx\/index.php\/wp-json\/wp\/v2\/media?parent=87155"}],"wp:term":[{"taxonomy":"category","embeddable":true,"href":"https:\/\/bambapolitica.com.mx\/index.php\/wp-json\/wp\/v2\/categories?post=87155"},{"taxonomy":"post_tag","embeddable":true,"href":"https:\/\/bambapolitica.com.mx\/index.php\/wp-json\/wp\/v2\/tags?post=87155"}],"curies":[{"name":"wp","href":"https:\/\/api.w.org\/{rel}","templated":true}]}}