{"id":87167,"date":"2025-12-01T13:02:02","date_gmt":"2025-12-01T19:02:02","guid":{"rendered":"https:\/\/bambapolitica.com.mx\/?p=87167"},"modified":"2025-12-01T13:02:22","modified_gmt":"2025-12-01T19:02:22","slug":"hoy-01-de-diciembre-en-chicoloapan","status":"publish","type":"post","link":"https:\/\/bambapolitica.com.mx\/index.php\/2025\/12\/01\/hoy-01-de-diciembre-en-chicoloapan\/","title":{"rendered":"Hoy 01 de diciembre en Chicoloapan"},"content":{"rendered":"\n<p><strong>\u00a1Llego la temporada Navide\u00f1a!<\/strong><\/p>\n\n\n\n<p>No falten en compa\u00f1\u00eda de la familia, a las 18:30 en la explanada municipal Manzana 020, Cabecera Municipal se llevar\u00e1 a cabo el encendido de luces navide\u00f1as, disfruta de la pista de patinaje cien por ciento ecol\u00f3gica, cero agua, cero combustible, cero energ\u00eda.<\/p>\n\n\n\n<p>\u00a1Vive este m\u00e1gico momento!<\/p>\n\n\n\n<figure class=\"wp-block-image size-full\"><img loading=\"lazy\" decoding=\"async\" width=\"742\" height=\"617\" src=\"https:\/\/bambapolitica.com.mx\/wp-content\/uploads\/2025\/12\/Sin-titulo.png\" alt=\"\" class=\"wp-image-87168\" srcset=\"https:\/\/bambapolitica.com.mx\/wp-content\/uploads\/2025\/12\/Sin-titulo.png 742w, https:\/\/bambapolitica.com.mx\/wp-content\/uploads\/2025\/12\/Sin-titulo-300x249.png 300w\" sizes=\"auto, (max-width: 742px) 100vw, 742px\" \/><\/figure>\n","protected":false},"excerpt":{"rendered":"<p>\u00a1Llego la temporada Navide\u00f1a! No falten en compa\u00f1\u00eda de la familia, a las 18:30 en&#8230;<\/p>\n","protected":false},"author":3,"featured_media":87165,"comment_status":"closed","ping_status":"closed","sticky":false,"template":"","format":"standard","meta":{"footnotes":""},"categories":[4],"tags":[],"class_list":["post-87167","post","type-post","status-publish","format-standard","has-post-thumbnail","hentry","category-noticias-del-dia"],"_links":{"self":[{"href":"https:\/\/bambapolitica.com.mx\/index.php\/wp-json\/wp\/v2\/posts\/87167","targetHints":{"allow":["GET"]}}],"collection":[{"href":"https:\/\/bambapolitica.com.mx\/index.php\/wp-json\/wp\/v2\/posts"}],"about":[{"href":"https:\/\/bambapolitica.com.mx\/index.php\/wp-json\/wp\/v2\/types\/post"}],"author":[{"embeddable":true,"href":"https:\/\/bambapolitica.com.mx\/index.php\/wp-json\/wp\/v2\/users\/3"}],"replies":[{"embeddable":true,"href":"https:\/\/bambapolitica.com.mx\/index.php\/wp-json\/wp\/v2\/comments?post=87167"}],"version-history":[{"count":1,"href":"https:\/\/bambapolitica.com.mx\/index.php\/wp-json\/wp\/v2\/posts\/87167\/revisions"}],"predecessor-version":[{"id":87169,"href":"https:\/\/bambapolitica.com.mx\/index.php\/wp-json\/wp\/v2\/posts\/87167\/revisions\/87169"}],"wp:featuredmedia":[{"embeddable":true,"href":"https:\/\/bambapolitica.com.mx\/index.php\/wp-json\/wp\/v2\/media\/87165"}],"wp:attachment":[{"href":"https:\/\/bambapolitica.com.mx\/index.php\/wp-json\/wp\/v2\/media?parent=87167"}],"wp:term":[{"taxonomy":"category","embeddable":true,"href":"https:\/\/bambapolitica.com.mx\/index.php\/wp-json\/wp\/v2\/categories?post=87167"},{"taxonomy":"post_tag","embeddable":true,"href":"https:\/\/bambapolitica.com.mx\/index.php\/wp-json\/wp\/v2\/tags?post=87167"}],"curies":[{"name":"wp","href":"https:\/\/api.w.org\/{rel}","templated":true}]}}