{"id":87188,"date":"2025-12-02T12:16:53","date_gmt":"2025-12-02T18:16:53","guid":{"rendered":"https:\/\/bambapolitica.com.mx\/?p=87188"},"modified":"2025-12-02T12:26:37","modified_gmt":"2025-12-02T18:26:37","slug":"87188","status":"publish","type":"post","link":"https:\/\/bambapolitica.com.mx\/index.php\/2025\/12\/02\/87188\/","title":{"rendered":"&#8220;Recuperemos los principios de lealtad, disciplina y honradez para fortalecer la presencia del PRI en Los Reyes La Paz&#8221;, afirma exalcalde Pablo Castellanos"},"content":{"rendered":"\n<p><strong>Es el momento justo que los dirigentes pri\u00edstas, realicen recorridos, reuniones y acercamiento con la militancia para reactivar la presencia de este partido tricolor.<\/strong><\/p>\n\n\n\n<p>La Paz, M\u00e9xico.- &#8220;Es grato conocer que la recien nombrada dirigencia municipal del PRI La Paz, integrada por Alicia Neyra Ortiz y Jonathan Hern\u00e1ndez, presidenta y secretario general respectivamente, iniciaran los trabajos de partido a la brevedad, toda vez que simpatizantes y militantes, est\u00e1n esperando all\u00e1 afuera, se inicien esas actividades y movimiento, desmintiendo as\u00ed que el PRI en La Paz es inexistente, en este municipio&#8221;; se\u00f1al\u00f3 el expresidente municipal pri\u00edsta Pablo Castellanos Miguel, durante la transici\u00f3n de dirigencia municipal en este lugar.<\/p>\n\n\n\n<p>Acompa\u00f1ado por Cristina Gonz\u00e1lez Cruz, Secretaria de Organizacion del PRI estatal, el noveno regidor Raymundo Moreno Iba\u00f1ez, exalcalde Juan Jos\u00e9 Medina Cabrera, Antonio Paredes Ju\u00e1rez y los reci\u00e9n electos dirigentes del PRI local; Castellanos Miguel, resalt\u00f3 ante los dirigentes reunidos en el Comit\u00e9 del PRI La Paz, que es el momento justo que los dirigentes pri\u00edstas, realicen recorridos, reuniones y acercamiento con la militancia para reactivar la presencia de este partido tricolor.<\/p>\n\n\n\n<p>Ante dirigentes de organizaciones pri\u00edstas, l\u00edderes sociales y representantes comunitarios, describi\u00f3 que es primordial el acercamiento con la sociedad pacense, pero a\u00f1adi\u00f3 lo tambi\u00e9n importante, es una revisi\u00f3n y actualizaci\u00f3n de las organizaciones pri\u00edstas existentes; toda vez que algunos liderazgos en tiempos de campa\u00f1a, estiran la mano y patean por debajo de la mesa; esto es, por una parte se dicen organizaciones pri\u00edstas y por otro lado est\u00e1n adheridos a la oposici\u00f3n, jugando un permanente y nocivo discurso.<\/p>\n\n\n\n<p>Por ello es necesario, indico, una actualizaci\u00f3n real de las organizaciones verdaderamente pri\u00edstas&#8221;; aseguro.<\/p>\n\n\n\n<p>Ante los asistentes, tambi\u00e9n destac\u00f3 el an\u00e1lisis en el regreso de aquellos l\u00edderes desertores que se van del PRI y despu\u00e9s regresan con falsos arrepentimientos, presumiendo que mueven las masas sociales, y hasta anticipando que solo ellos son claves para llevar al triunfo al Partido tricolor en este municipio; pero a\u00f1adi\u00f3, eso no es todo, lo m\u00e1s parad\u00f3jico es que a esos dirigentes que regresan, se les ofrecen las mejores carteras partidistas, y cuando se trata de resultados, nos damos cuenta que ni sus familiares votaron por nuestro instituto pol\u00edtico.<\/p>\n\n\n\n<p>Pablo Castellanos, sugiri\u00f3 a los reci\u00e9n nombrados dirigentes, recuperar los valores que le dieron vida al priismo pacense: lealtad, disciplina y honradez; valores y principios que al paso del tiempo lamentablemente han ido desvaneci\u00e9ndose; concluy\u00f3.<\/p>\n","protected":false},"excerpt":{"rendered":"<p>Es el momento justo que los dirigentes pri\u00edstas, realicen recorridos, reuniones y acercamiento con la&#8230;<\/p>\n","protected":false},"author":3,"featured_media":87189,"comment_status":"closed","ping_status":"closed","sticky":false,"template":"","format":"standard","meta":{"footnotes":""},"categories":[4],"tags":[],"class_list":["post-87188","post","type-post","status-publish","format-standard","has-post-thumbnail","hentry","category-noticias-del-dia"],"_links":{"self":[{"href":"https:\/\/bambapolitica.com.mx\/index.php\/wp-json\/wp\/v2\/posts\/87188","targetHints":{"allow":["GET"]}}],"collection":[{"href":"https:\/\/bambapolitica.com.mx\/index.php\/wp-json\/wp\/v2\/posts"}],"about":[{"href":"https:\/\/bambapolitica.com.mx\/index.php\/wp-json\/wp\/v2\/types\/post"}],"author":[{"embeddable":true,"href":"https:\/\/bambapolitica.com.mx\/index.php\/wp-json\/wp\/v2\/users\/3"}],"replies":[{"embeddable":true,"href":"https:\/\/bambapolitica.com.mx\/index.php\/wp-json\/wp\/v2\/comments?post=87188"}],"version-history":[{"count":2,"href":"https:\/\/bambapolitica.com.mx\/index.php\/wp-json\/wp\/v2\/posts\/87188\/revisions"}],"predecessor-version":[{"id":87191,"href":"https:\/\/bambapolitica.com.mx\/index.php\/wp-json\/wp\/v2\/posts\/87188\/revisions\/87191"}],"wp:featuredmedia":[{"embeddable":true,"href":"https:\/\/bambapolitica.com.mx\/index.php\/wp-json\/wp\/v2\/media\/87189"}],"wp:attachment":[{"href":"https:\/\/bambapolitica.com.mx\/index.php\/wp-json\/wp\/v2\/media?parent=87188"}],"wp:term":[{"taxonomy":"category","embeddable":true,"href":"https:\/\/bambapolitica.com.mx\/index.php\/wp-json\/wp\/v2\/categories?post=87188"},{"taxonomy":"post_tag","embeddable":true,"href":"https:\/\/bambapolitica.com.mx\/index.php\/wp-json\/wp\/v2\/tags?post=87188"}],"curies":[{"name":"wp","href":"https:\/\/api.w.org\/{rel}","templated":true}]}}