{"id":87259,"date":"2025-12-04T12:08:17","date_gmt":"2025-12-04T18:08:17","guid":{"rendered":"https:\/\/bambapolitica.com.mx\/?p=87259"},"modified":"2025-12-04T12:08:22","modified_gmt":"2025-12-04T18:08:22","slug":"la-internacional-socialista-expulsa-al-pri","status":"publish","type":"post","link":"https:\/\/bambapolitica.com.mx\/index.php\/2025\/12\/04\/la-internacional-socialista-expulsa-al-pri\/","title":{"rendered":"La Internacional Socialista expulsa al PRI"},"content":{"rendered":"\n<p>La organizaci\u00f3n, que engloba partidos pol\u00edticos socialdem\u00f3cratas, asegura que adopt\u00f3 la decisi\u00f3n por faltas de \u00e9tica. El tricolor niega la expulsi\u00f3n y acusa a la agrupaci\u00f3n de \u201cantidemocr\u00e1tica y corrupta\u201d<\/p>\n\n\n\n<p>La Internacional Socialista (IS), una organizaci\u00f3n global que agrupa los partidos pol\u00edticos socialdem\u00f3cratas, laboristas y de izquierdas, ha anunciado que el Partido Revolucionario Institucional (PRI) de M\u00e9xico ha dejado de ser miembro de su organizaci\u00f3n. El grupo adopt\u00f3 la decisi\u00f3n tras su consejo m\u00e1s reciente, celebrado a finales de noviembre en Malta y que tuvo como gran figura central al presidente espa\u00f1ol, Pedro S\u00e1nchez, quien preside la IS desde hace tres a\u00f1os. La expulsi\u00f3n del PRI,\u00a0<a href=\"https:\/\/elpais.com\/mexico\/2025-11-12\/alejandro-moreno-las-alianzas-llegaron-para-quedarse-como-va-a-competir-el-pan-en-chihuahua-o-nuevo-leon.html\">presidido por el pol\u00e9mico Alejandro Moreno<\/a>, fue causada por sus \u201cacciones\u201d, juzga la IS.<\/p>\n\n\n\n<p>El PRI, sin embargo, disputa la narrativa de la Internacional Socialista. Alejandro Moreno asegura que ellos abandonaron antes la organizaci\u00f3n, a quien acusan de \u201cunilateral, opaca, evasiva, ineficiente, anticuada, burocr\u00e1tica, agresiva, antidemocr\u00e1tica y corrupta\u201d desde que S\u00e1nchez lleg\u00f3 a dirigirla, en noviembre de 2022. \u201cExisten suficientes evidencias para sostener estas afirmaciones que deterioran la imagen y origen de la Internacional Socialista\u201d, asegur\u00f3 Sof\u00eda Carvajal, la secretaria de Asuntos Internacionales del PRI\u00a0<a href=\"https:\/\/pri.org.mx\/BancoInformacion\/files\/archivos\/Pdf\/40976-1-16_56_22.pdf\" target=\"_blank\" rel=\"noreferrer noopener\">en un comunicado<\/a>\u00a0fechado el 27 de noviembre, un d\u00eda antes de que la IS se reuniera en Malta. En el documento, el partido asegura que se reserva el derecho a participar en eventos mientras el presidente espa\u00f1ol se mantenga a la cabeza.<\/p>\n\n\n\n<p>La reactividad de Alejandro&nbsp;<em>Alito<\/em>&nbsp;Moreno ha jugado en contra del PRI. La IS ha expulsado al tricolor despu\u00e9s de casi 30 a\u00f1os de afiliaci\u00f3n. Fundada en 1951, la organizaci\u00f3n agrupa a 132 partidos de todo el mundo, entre ellos al partido que gobern\u00f3 M\u00e9xico por 70 a\u00f1os sin pausa. El priista encabez\u00f3 la vicepresidencia mundial de la IS hasta julio de 2024. A pesar de esto, el texto del PRI contra la IS est\u00e1 repleto de agrios se\u00f1alamientos que van desde acusar de arrogancia e intolerancia a sus dirigentes hasta serias acusaciones de malversaci\u00f3n de recursos. Los priistas aseguran que el Partido Socialista Obrero Espa\u00f1ol (PSOE) recibi\u00f3 dinero del r\u00e9gimen de Nicol\u00e1s Maduro a trav\u00e9s de una triangulaci\u00f3n de recursos facilitada por la Internacional Socialista.<\/p>\n\n\n\n<p>Dulce Mar\u00eda Sauri, expresidenta del PRI, conoce de primera mano la importancia de la integraci\u00f3n del partido a la IS. Bajo su dirigencia, justo cuando el partido perdi\u00f3 el poder en el a\u00f1o 2000, el partido pas\u00f3 de ocupar una posici\u00f3n testimonial a ser admitido con derechos, en 2001, en un evento celebrado en Rep\u00fablica Dominicana. Sauri, opositora a la dirigencia de Moreno, ha dicho que sean cuales sean las circunstancias del rompimiento, son lamentables las expresiones de su correligionario. \u201cDa lo mismo si es pausa, expulsi\u00f3n o suspensi\u00f3n. Las acusaciones a Pedro S\u00e1nchez, al PSOE que tan generoso fue con el PRI derrotado de 2000, me parecen atroces\u201d, ha sostenido.<\/p>\n\n\n\n<p>El pol\u00e9mico l\u00edder de la oposici\u00f3n mexicana denunci\u00f3 en el primer trimestre del a\u00f1o el asedio que sufre desde 2018, en su opini\u00f3n, la democracia y el proceso de polarizaci\u00f3n pol\u00edtica en su pa\u00eds. En su comunicado, el PRI enlista como uno de sus motivos del rompimiento la intenci\u00f3n de la IS de incorporar a Morena,&nbsp;<a href=\"https:\/\/elpais.com\/noticias\/morena-movimiento-regeneracion-nacional\/\" target=\"_blank\" rel=\"noreferrer noopener\">el partido de Andr\u00e9s Manuel L\u00f3pez Obrador y Claudia Sheinbaum<\/a>, el expresidente y actual presidenta de M\u00e9xico. La organizaci\u00f3n de izquierdas ha pr\u00e1cticamente borrado del mapa al otrora poderoso PRI, quien ha sido desplazado hasta la cuarta posici\u00f3n en las preferencias electorales.<\/p>\n\n\n\n<p>El l\u00edder priista se ha vuelto inc\u00f3modo y ha protagonizado en la \u00faltima recta del a\u00f1o un pu\u00f1ado de acciones contrarias al c\u00f3digo de \u00e9tica de la IS que hoy parece cobrarle factura. En agosto, una imagen recorri\u00f3 los titulares nacionales e internacionales. Moreno se fue a los golpes contra el entonces presidente del Senado, el oficialista Gerardo Fern\u00e1ndez Noro\u00f1a. En su papel de senador y dirigente del Revolucionario Institucional, su tono se ha ido radicalizando. Un par de semanas atr\u00e1s acus\u00f3 una crisis de seguridad, violencia e impunidad en M\u00e9xico y responsabiliz\u00f3 a la Administraci\u00f3n de la presidenta, Claudia Sheinbaum. \u201cEl pueblo de M\u00e9xico hoy est\u00e1 indignado; este es un Gobierno de mierda\u201d, lanz\u00f3 el priista.<\/p>\n\n\n\n<p>Una fuente con conocimiento de la decisi\u00f3n cuenta a este peri\u00f3dico que el comit\u00e9 de \u00e9tica consider\u00f3 la expulsi\u00f3n despu\u00e9s de que el PRI se mostrara disconforme con algunos procesos internos. En especial con la elecci\u00f3n del presidente del comit\u00e9 para Am\u00e9rica Latina, el dominicano Miguel Vargas Maldonado, celebrada en febrero pasado en un congreso en Madrid. El tricolor acus\u00f3 la carencia de legitimidad de Vargas, quien lleva 15 a\u00f1os en el cargo, al acusar que obtuvo solo el 0,4% de los votos en los comicios m\u00e1s recientes. El PRI califica la presidencia de Vargas de \u201cineficiente, mediocre y arrogante\u201d en su comunicado.<\/p>\n\n\n\n<p><\/p>\n","protected":false},"excerpt":{"rendered":"<p>La organizaci\u00f3n, que engloba partidos pol\u00edticos socialdem\u00f3cratas, asegura que adopt\u00f3 la decisi\u00f3n por faltas de&#8230;<\/p>\n","protected":false},"author":3,"featured_media":87260,"comment_status":"closed","ping_status":"closed","sticky":false,"template":"","format":"standard","meta":{"footnotes":""},"categories":[4],"tags":[],"class_list":["post-87259","post","type-post","status-publish","format-standard","has-post-thumbnail","hentry","category-noticias-del-dia"],"_links":{"self":[{"href":"https:\/\/bambapolitica.com.mx\/index.php\/wp-json\/wp\/v2\/posts\/87259","targetHints":{"allow":["GET"]}}],"collection":[{"href":"https:\/\/bambapolitica.com.mx\/index.php\/wp-json\/wp\/v2\/posts"}],"about":[{"href":"https:\/\/bambapolitica.com.mx\/index.php\/wp-json\/wp\/v2\/types\/post"}],"author":[{"embeddable":true,"href":"https:\/\/bambapolitica.com.mx\/index.php\/wp-json\/wp\/v2\/users\/3"}],"replies":[{"embeddable":true,"href":"https:\/\/bambapolitica.com.mx\/index.php\/wp-json\/wp\/v2\/comments?post=87259"}],"version-history":[{"count":1,"href":"https:\/\/bambapolitica.com.mx\/index.php\/wp-json\/wp\/v2\/posts\/87259\/revisions"}],"predecessor-version":[{"id":87261,"href":"https:\/\/bambapolitica.com.mx\/index.php\/wp-json\/wp\/v2\/posts\/87259\/revisions\/87261"}],"wp:featuredmedia":[{"embeddable":true,"href":"https:\/\/bambapolitica.com.mx\/index.php\/wp-json\/wp\/v2\/media\/87260"}],"wp:attachment":[{"href":"https:\/\/bambapolitica.com.mx\/index.php\/wp-json\/wp\/v2\/media?parent=87259"}],"wp:term":[{"taxonomy":"category","embeddable":true,"href":"https:\/\/bambapolitica.com.mx\/index.php\/wp-json\/wp\/v2\/categories?post=87259"},{"taxonomy":"post_tag","embeddable":true,"href":"https:\/\/bambapolitica.com.mx\/index.php\/wp-json\/wp\/v2\/tags?post=87259"}],"curies":[{"name":"wp","href":"https:\/\/api.w.org\/{rel}","templated":true}]}}